{"id":236,"count":7,"description":"<img class=\"alignnone size-medium wp-image-29927\" src=\"http:\/\/noria-research.com\/mxac2\/wp-content\/uploads\/2022\/11\/Sans-titre-1000x563.png\" alt=\"\" width=\"1000\" height=\"563\" \/>\r\n<h2 class=\"has-text-align-center wp-block-heading\">Tierra, mercados y poder en el M\u00e9xico rural<\/h2>\r\n<div class=\"wp-block-spacer\" aria-hidden=\"true\"><\/div>\r\n<h3 class=\"has-text-align-center wp-block-heading\">Una serie editorial del Programa Noria para M\u00e9xico y Am\u00e9rica Central<\/h3>\r\nUna serie abierta de publicaciones y eventos. Se producir\u00e1n y difundir\u00e1n nuevas contribuciones a lo largo del tiempo, adem\u00e1s de la organizaci\u00f3n de eventos e iniciativas p\u00fablicas que juntar\u00e1n mujeres y hombres investigadores, periodistas y fotogr\u00e1fo-as.\r\n\r\nLa serie est\u00e1 coordinada por <strong>Jayson Maurice Porter<\/strong>, y co-editada por <strong>Alexander Avi\u00f1a<\/strong>.\r\n<div class=\"wp-block-spacer\" aria-hidden=\"true\"><\/div>\r\n<h2 class=\"has-text-align-center wp-block-heading\">El objetivo<\/h2>\r\n<p class=\"has-text-align-left\">A lo largo del tiempo, constituir un corpus de conocimiento de referencia acerca de la violencia en el M\u00e9xico rural.<\/p>\r\nUna fuente abierta de informaci\u00f3n y an\u00e1lisis; un espacio clave para el di\u00e1logo; una plataforma para la colaboraci\u00f3n internacional.\r\n<div class=\"wp-block-spacer\" aria-hidden=\"true\"><\/div>\r\n<h2 class=\"has-text-align-center wp-block-heading\">3 ideas claves<\/h2>\r\n<p class=\"has-text-align-left\"><strong>-1-<\/strong> Las historias de tr\u00e1fico de drogas y las narco-narrativas no pueden ser las \u00fanicas explicaciones a la violencia en el M\u00e9xico rural: necesitamos re-politizar el debate p\u00fablico.<\/p>\r\n<strong>-2- <\/strong>La poblaci\u00f3n rural no es toda campesina; y la ruralidad no es una categor\u00eda homog\u00e9nea de an\u00e1lisis. Necesitamos pensar en t\u00e9rminos de geograf\u00edas, diferencias \u00e9tnicas, cuestiones de g\u00e9nero, clases sociales e ideolog\u00edas, entre muchos otros ejes de comprensi\u00f3n.\r\n\r\n<strong>-3-<\/strong> Las m\u00faltiples din\u00e1micas de violencia se tienen que estudiar desde lo local, a la luz de las interacciones entre las poblaciones rurales (incluyendo las comunidades ind\u00edgenas), el estado y las fuerzas del mercado.\r\n<div class=\"wp-block-spacer\" aria-hidden=\"true\"><\/div>\r\n<h2 class=\"has-text-align-center wp-block-heading\">El Proyecto<\/h2>\r\nEsta serie sobre el M\u00e9xico rural busca poner en relieve historias del pasado y del presente, y as\u00ed entender mejor c\u00f3mo la violencia <em>toma lugar <\/em>en estos espacios. Esta historias quedan generalmente en la sombra de grandes narrativas, menospreciadas e incluso ignoradas. En esta perspectiva, la historia local y la ecolog\u00eda son indispensables para estudiar la violencia ejercida en contra, y entre los pobres en el \u00e1mbito rural.\r\n\r\nLejos de las narco-narrativas reductoras que han invadido el panorama nacional e internacional, buscaremos <em>situar <\/em>y <em>localizar <\/em>la violencia, tanto geogr\u00e1ficamente como socialmente. Por eso nuestros an\u00e1lisis se basar\u00e1n en perspectivas emp\u00edricas locales, arraigadas en el M\u00e9xico rural.\r\n\r\nNuestro trabajo analizar\u00e1, desde lo local, las relaciones entre el tr\u00e1fico de drogas, la violencia y la vida rural en M\u00e9xico. Como lo mostraremos a lo largo de las contribuciones, la distinci\u00f3n entre cultivos l\u00edcitos e il\u00edcitos es porosa, del mismo modo que la identificaci\u00f3n entre violencia y tr\u00e1fico de drogas no siempre resulta tan evidente. Durante buena parte del siglo XX, en geograf\u00edas rurales de Michoac\u00e1n, Nayarit, Guerrero y Sinaloa los conflictos que caracterizaban la vida diaria de ranchos y pueblos frecuentemente terminaban en desenlaces tr\u00e1gicos. Estos conflictos pod\u00edan estar relacionados con econom\u00edas ilegales, pero tambi\u00e9n eran disputas agrarias, faccionales o vendettas que buscaban reparar \u201cofensas de honor\u201d.\r\n\r\nLa violencia pod\u00eda estar ligada al narcotr\u00e1fico, pero no era la \u00fanica manera de explicarla o atribuirle sentido. Siguiendo este argumento, hemos desarrollado una serie de trabajos que buscan contribuir al debate sobre violencia, ruralidad y narcotr\u00e1fico. Es sabido que, desde algunos a\u00f1os, M\u00e9xico enfrenta una terrible crisis de seguridad; sin embargo, a\u00fan no sabemos mucho acerca de la distribuci\u00f3n de las violencias y de sus manifestaciones a nivel local.\r\n\r\nPara cambiar el panorama, recurrimos al trabajo etnogr\u00e1fico e hist\u00f3rico para mostrar que, en geograf\u00edas rurales de distintas partes de M\u00e9xico, la ruptura entre un pa\u00eds supuestamente \u201cgobernable\u201d y otro azotado por la violencia criminal no necesariamente tiene sentido.\r\n\r\nLa historia y a la etnograf\u00eda son herramientas clave para enriquecer una discusi\u00f3n que, en el presente, parece estar dominada por an\u00e1lisis que suponen que la violencia tiene causas f\u00e1cilmente identificables. Somos esc\u00e9pticos de los an\u00e1lisis que afirman que lo violento puede comprenderse a trav\u00e9s de se\u00f1alar los rendimientos \u2013t\u00edpicamente, el control de la plaza o el dominio de la ruta de tr\u00e1fico de drogas\u2014 que las personas obtienen al recurrir a medios coercitivos. Esta clase de enfoques pierden de vista que lo violento forma parte de procesos sociales con una duraci\u00f3n en el tiempo; adem\u00e1s de olvidan que las intenciones que motivan los actos violentos no necesariamente determinan sus resultados ni, mucho menos, las formas en que \u00e9stos son interpretados. Igualmente, aun si concedi\u00e9ramos que la violencia es producto de las acciones de individuos racionales que persiguen intereses espec\u00edficos, habr\u00eda que decir que \u00e9sos intereses est\u00e1n configurados por horizontes hist\u00f3ricos y culturales que es necesario explicitar.","link":"https:\/\/noria-research.com\/mxac\/es\/project\/la-violencia-toma-lugar\/","name":"La violencia toma lugar","slug":"la-violencia-toma-lugar","taxonomy":"project","parent":0,"meta":[],"yoast_head":"<!-- This site is optimized with the Yoast SEO plugin v26.0 - https:\/\/yoast.com\/wordpress\/plugins\/seo\/ -->\n<title>Archives des La violencia toma lugar - Mexico &amp; Central America<\/title>\n<meta name=\"robots\" content=\"index, follow, max-snippet:-1, max-image-preview:large, max-video-preview:-1\" \/>\n<link rel=\"canonical\" href=\"https:\/\/noria-research.com\/mxac\/es\/project\/la-violencia-toma-lugar\/\" \/>\n<meta property=\"og:locale\" content=\"en_US\" \/>\n<meta property=\"og:type\" content=\"article\" \/>\n<meta property=\"og:title\" content=\"Archives des La violencia toma lugar - Mexico &amp; Central America\" \/>\n<meta property=\"og:description\" content=\"Tierra, mercados y poder en el M\u00e9xico rural Una serie editorial del Programa Noria para M\u00e9xico y Am\u00e9rica Central Una serie abierta de publicaciones y eventos. Se producir\u00e1n y difundir\u00e1n nuevas contribuciones a lo largo del tiempo, adem\u00e1s de la organizaci\u00f3n de eventos e iniciativas p\u00fablicas que juntar\u00e1n mujeres y hombres investigadores, periodistas y fotogr\u00e1fo-as. La serie est\u00e1 coordinada por Jayson Maurice Porter, y co-editada por Alexander Avi\u00f1a. El objetivo A lo largo del tiempo, constituir un corpus de conocimiento de referencia acerca de la violencia en el M\u00e9xico rural. Una fuente abierta de informaci\u00f3n y an\u00e1lisis; un espacio clave para el di\u00e1logo; una plataforma para la colaboraci\u00f3n internacional. 3 ideas claves -1- Las historias de tr\u00e1fico de drogas y las narco-narrativas no pueden ser las \u00fanicas explicaciones a la violencia en el M\u00e9xico rural: necesitamos re-politizar el debate p\u00fablico. -2- La poblaci\u00f3n rural no es toda campesina; y la ruralidad no es una categor\u00eda homog\u00e9nea de an\u00e1lisis. Necesitamos pensar en t\u00e9rminos de geograf\u00edas, diferencias \u00e9tnicas, cuestiones de g\u00e9nero, clases sociales e ideolog\u00edas, entre muchos otros ejes de comprensi\u00f3n. -3- Las m\u00faltiples din\u00e1micas de violencia se tienen que estudiar desde lo local, a la luz de las interacciones entre las poblaciones rurales (incluyendo las comunidades ind\u00edgenas), el estado y las fuerzas del mercado. El Proyecto Esta serie sobre el M\u00e9xico rural busca poner en relieve historias del pasado y del presente, y as\u00ed entender mejor c\u00f3mo la violencia toma lugar en estos espacios. Esta historias quedan generalmente en la sombra de grandes narrativas, menospreciadas e incluso ignoradas. En esta perspectiva, la historia local y la ecolog\u00eda son indispensables para estudiar la violencia ejercida en contra, y entre los pobres en el \u00e1mbito rural. Lejos de las narco-narrativas reductoras que han invadido el panorama nacional e internacional, buscaremos situar y localizar la violencia, tanto geogr\u00e1ficamente como socialmente. Por eso nuestros an\u00e1lisis se basar\u00e1n en perspectivas emp\u00edricas locales, arraigadas en el M\u00e9xico rural. Nuestro trabajo analizar\u00e1, desde lo local, las relaciones entre el tr\u00e1fico de drogas, la violencia y la vida rural en M\u00e9xico. Como lo mostraremos a lo largo de las contribuciones, la distinci\u00f3n entre cultivos l\u00edcitos e il\u00edcitos es porosa, del mismo modo que la identificaci\u00f3n entre violencia y tr\u00e1fico de drogas no siempre resulta tan evidente. Durante buena parte del siglo XX, en geograf\u00edas rurales de Michoac\u00e1n, Nayarit, Guerrero y Sinaloa los conflictos que caracterizaban la vida diaria de ranchos y pueblos frecuentemente terminaban en desenlaces tr\u00e1gicos. Estos conflictos pod\u00edan estar relacionados con econom\u00edas ilegales, pero tambi\u00e9n eran disputas agrarias, faccionales o vendettas que buscaban reparar \u201cofensas de honor\u201d. La violencia pod\u00eda estar ligada al narcotr\u00e1fico, pero no era la \u00fanica manera de explicarla o atribuirle sentido. Siguiendo este argumento, hemos desarrollado una serie de trabajos que buscan contribuir al debate sobre violencia, ruralidad y narcotr\u00e1fico. Es sabido que, desde algunos a\u00f1os, M\u00e9xico enfrenta una terrible crisis de seguridad; sin embargo, a\u00fan no sabemos mucho acerca de la distribuci\u00f3n de las violencias y de sus manifestaciones a nivel local. Para cambiar el panorama, recurrimos al trabajo etnogr\u00e1fico e hist\u00f3rico para mostrar que, en geograf\u00edas rurales de distintas partes de M\u00e9xico, la ruptura entre un pa\u00eds supuestamente \u201cgobernable\u201d y otro azotado por la violencia criminal no necesariamente tiene sentido. La historia y a la etnograf\u00eda son herramientas clave para enriquecer una discusi\u00f3n que, en el presente, parece estar dominada por an\u00e1lisis que suponen que la violencia tiene causas f\u00e1cilmente identificables. Somos esc\u00e9pticos de los an\u00e1lisis que afirman que lo violento puede comprenderse a trav\u00e9s de se\u00f1alar los rendimientos \u2013t\u00edpicamente, el control de la plaza o el dominio de la ruta de tr\u00e1fico de drogas\u2014 que las personas obtienen al recurrir a medios coercitivos. Esta clase de enfoques pierden de vista que lo violento forma parte de procesos sociales con una duraci\u00f3n en el tiempo; adem\u00e1s de olvidan que las intenciones que motivan los actos violentos no necesariamente determinan sus resultados ni, mucho menos, las formas en que \u00e9stos son interpretados. Igualmente, aun si concedi\u00e9ramos que la violencia es producto de las acciones de individuos racionales que persiguen intereses espec\u00edficos, habr\u00eda que decir que \u00e9sos intereses est\u00e1n configurados por horizontes hist\u00f3ricos y culturales que es necesario explicitar.\" \/>\n<meta property=\"og:url\" content=\"https:\/\/noria-research.com\/mxac\/es\/project\/la-violencia-toma-lugar\/\" \/>\n<meta property=\"og:site_name\" content=\"Mexico &amp; Central America\" \/>\n<meta property=\"og:image\" content=\"http:\/\/noria-research.com\/mxac2\/wp-content\/uploads\/2022\/11\/Sans-titre-1000x563.png\" \/>\n<meta name=\"twitter:card\" content=\"summary_large_image\" \/>\n<script type=\"application\/ld+json\" class=\"yoast-schema-graph\">{\"@context\":\"https:\/\/schema.org\",\"@graph\":[{\"@type\":\"CollectionPage\",\"@id\":\"https:\/\/noria-research.com\/mxac\/es\/project\/la-violencia-toma-lugar\/\",\"url\":\"https:\/\/noria-research.com\/mxac\/es\/project\/la-violencia-toma-lugar\/\",\"name\":\"Archives des La violencia toma lugar - Mexico &amp; Central America\",\"isPartOf\":{\"@id\":\"https:\/\/noria-research.com\/mxac\/#website\"},\"breadcrumb\":{\"@id\":\"https:\/\/noria-research.com\/mxac\/es\/project\/la-violencia-toma-lugar\/#breadcrumb\"},\"inLanguage\":\"en-US\"},{\"@type\":\"BreadcrumbList\",\"@id\":\"https:\/\/noria-research.com\/mxac\/es\/project\/la-violencia-toma-lugar\/#breadcrumb\",\"itemListElement\":[{\"@type\":\"ListItem\",\"position\":1,\"name\":\"Mexique et Am\u00e9rique Centrale\",\"item\":\"https:\/\/noria-research.com\/mxac\/\"},{\"@type\":\"ListItem\",\"position\":2,\"name\":\"La violencia toma lugar\"}]},{\"@type\":\"WebSite\",\"@id\":\"https:\/\/noria-research.com\/mxac\/#website\",\"url\":\"https:\/\/noria-research.com\/mxac\/\",\"name\":\"Mexico &amp; Central America\",\"description\":\"\",\"publisher\":{\"@id\":\"https:\/\/noria-research.com\/mxac\/#organization\"},\"potentialAction\":[{\"@type\":\"SearchAction\",\"target\":{\"@type\":\"EntryPoint\",\"urlTemplate\":\"https:\/\/noria-research.com\/mxac\/?s={search_term_string}\"},\"query-input\":{\"@type\":\"PropertyValueSpecification\",\"valueRequired\":true,\"valueName\":\"search_term_string\"}}],\"inLanguage\":\"en-US\"},{\"@type\":\"Organization\",\"@id\":\"https:\/\/noria-research.com\/mxac\/#organization\",\"name\":\"Mexico &amp; Central America\",\"url\":\"https:\/\/noria-research.com\/mxac\/\",\"logo\":{\"@type\":\"ImageObject\",\"inLanguage\":\"en-US\",\"@id\":\"https:\/\/noria-research.com\/mxac\/#\/schema\/logo\/image\/\",\"url\":\"https:\/\/noria-research.com\/mxac\/wp-content\/uploads\/2024\/12\/Logo-Noria-Mexico-bis-Blanc.svg\",\"contentUrl\":\"https:\/\/noria-research.com\/mxac\/wp-content\/uploads\/2024\/12\/Logo-Noria-Mexico-bis-Blanc.svg\",\"caption\":\"Mexico &amp; Central America\"},\"image\":{\"@id\":\"https:\/\/noria-research.com\/mxac\/#\/schema\/logo\/image\/\"}}]}<\/script>\n<!-- \/ Yoast SEO plugin. -->","yoast_head_json":{"title":"Archives des La violencia toma lugar - Mexico &amp; Central America","robots":{"index":"index","follow":"follow","max-snippet":"max-snippet:-1","max-image-preview":"max-image-preview:large","max-video-preview":"max-video-preview:-1"},"canonical":"https:\/\/noria-research.com\/mxac\/es\/project\/la-violencia-toma-lugar\/","og_locale":"en_US","og_type":"article","og_title":"Archives des La violencia toma lugar - Mexico &amp; Central America","og_description":"Tierra, mercados y poder en el M\u00e9xico rural Una serie editorial del Programa Noria para M\u00e9xico y Am\u00e9rica Central Una serie abierta de publicaciones y eventos. Se producir\u00e1n y difundir\u00e1n nuevas contribuciones a lo largo del tiempo, adem\u00e1s de la organizaci\u00f3n de eventos e iniciativas p\u00fablicas que juntar\u00e1n mujeres y hombres investigadores, periodistas y fotogr\u00e1fo-as. La serie est\u00e1 coordinada por Jayson Maurice Porter, y co-editada por Alexander Avi\u00f1a. El objetivo A lo largo del tiempo, constituir un corpus de conocimiento de referencia acerca de la violencia en el M\u00e9xico rural. Una fuente abierta de informaci\u00f3n y an\u00e1lisis; un espacio clave para el di\u00e1logo; una plataforma para la colaboraci\u00f3n internacional. 3 ideas claves -1- Las historias de tr\u00e1fico de drogas y las narco-narrativas no pueden ser las \u00fanicas explicaciones a la violencia en el M\u00e9xico rural: necesitamos re-politizar el debate p\u00fablico. -2- La poblaci\u00f3n rural no es toda campesina; y la ruralidad no es una categor\u00eda homog\u00e9nea de an\u00e1lisis. Necesitamos pensar en t\u00e9rminos de geograf\u00edas, diferencias \u00e9tnicas, cuestiones de g\u00e9nero, clases sociales e ideolog\u00edas, entre muchos otros ejes de comprensi\u00f3n. -3- Las m\u00faltiples din\u00e1micas de violencia se tienen que estudiar desde lo local, a la luz de las interacciones entre las poblaciones rurales (incluyendo las comunidades ind\u00edgenas), el estado y las fuerzas del mercado. El Proyecto Esta serie sobre el M\u00e9xico rural busca poner en relieve historias del pasado y del presente, y as\u00ed entender mejor c\u00f3mo la violencia toma lugar en estos espacios. Esta historias quedan generalmente en la sombra de grandes narrativas, menospreciadas e incluso ignoradas. En esta perspectiva, la historia local y la ecolog\u00eda son indispensables para estudiar la violencia ejercida en contra, y entre los pobres en el \u00e1mbito rural. Lejos de las narco-narrativas reductoras que han invadido el panorama nacional e internacional, buscaremos situar y localizar la violencia, tanto geogr\u00e1ficamente como socialmente. Por eso nuestros an\u00e1lisis se basar\u00e1n en perspectivas emp\u00edricas locales, arraigadas en el M\u00e9xico rural. Nuestro trabajo analizar\u00e1, desde lo local, las relaciones entre el tr\u00e1fico de drogas, la violencia y la vida rural en M\u00e9xico. Como lo mostraremos a lo largo de las contribuciones, la distinci\u00f3n entre cultivos l\u00edcitos e il\u00edcitos es porosa, del mismo modo que la identificaci\u00f3n entre violencia y tr\u00e1fico de drogas no siempre resulta tan evidente. Durante buena parte del siglo XX, en geograf\u00edas rurales de Michoac\u00e1n, Nayarit, Guerrero y Sinaloa los conflictos que caracterizaban la vida diaria de ranchos y pueblos frecuentemente terminaban en desenlaces tr\u00e1gicos. Estos conflictos pod\u00edan estar relacionados con econom\u00edas ilegales, pero tambi\u00e9n eran disputas agrarias, faccionales o vendettas que buscaban reparar \u201cofensas de honor\u201d. La violencia pod\u00eda estar ligada al narcotr\u00e1fico, pero no era la \u00fanica manera de explicarla o atribuirle sentido. Siguiendo este argumento, hemos desarrollado una serie de trabajos que buscan contribuir al debate sobre violencia, ruralidad y narcotr\u00e1fico. Es sabido que, desde algunos a\u00f1os, M\u00e9xico enfrenta una terrible crisis de seguridad; sin embargo, a\u00fan no sabemos mucho acerca de la distribuci\u00f3n de las violencias y de sus manifestaciones a nivel local. Para cambiar el panorama, recurrimos al trabajo etnogr\u00e1fico e hist\u00f3rico para mostrar que, en geograf\u00edas rurales de distintas partes de M\u00e9xico, la ruptura entre un pa\u00eds supuestamente \u201cgobernable\u201d y otro azotado por la violencia criminal no necesariamente tiene sentido. La historia y a la etnograf\u00eda son herramientas clave para enriquecer una discusi\u00f3n que, en el presente, parece estar dominada por an\u00e1lisis que suponen que la violencia tiene causas f\u00e1cilmente identificables. Somos esc\u00e9pticos de los an\u00e1lisis que afirman que lo violento puede comprenderse a trav\u00e9s de se\u00f1alar los rendimientos \u2013t\u00edpicamente, el control de la plaza o el dominio de la ruta de tr\u00e1fico de drogas\u2014 que las personas obtienen al recurrir a medios coercitivos. Esta clase de enfoques pierden de vista que lo violento forma parte de procesos sociales con una duraci\u00f3n en el tiempo; adem\u00e1s de olvidan que las intenciones que motivan los actos violentos no necesariamente determinan sus resultados ni, mucho menos, las formas en que \u00e9stos son interpretados. Igualmente, aun si concedi\u00e9ramos que la violencia es producto de las acciones de individuos racionales que persiguen intereses espec\u00edficos, habr\u00eda que decir que \u00e9sos intereses est\u00e1n configurados por horizontes hist\u00f3ricos y culturales que es necesario explicitar.","og_url":"https:\/\/noria-research.com\/mxac\/es\/project\/la-violencia-toma-lugar\/","og_site_name":"Mexico &amp; Central America","og_image":[{"url":"http:\/\/noria-research.com\/mxac2\/wp-content\/uploads\/2022\/11\/Sans-titre-1000x563.png","type":"","width":"","height":""}],"twitter_card":"summary_large_image","schema":{"@context":"https:\/\/schema.org","@graph":[{"@type":"CollectionPage","@id":"https:\/\/noria-research.com\/mxac\/es\/project\/la-violencia-toma-lugar\/","url":"https:\/\/noria-research.com\/mxac\/es\/project\/la-violencia-toma-lugar\/","name":"Archives des La violencia toma lugar - Mexico &amp; Central America","isPartOf":{"@id":"https:\/\/noria-research.com\/mxac\/#website"},"breadcrumb":{"@id":"https:\/\/noria-research.com\/mxac\/es\/project\/la-violencia-toma-lugar\/#breadcrumb"},"inLanguage":"en-US"},{"@type":"BreadcrumbList","@id":"https:\/\/noria-research.com\/mxac\/es\/project\/la-violencia-toma-lugar\/#breadcrumb","itemListElement":[{"@type":"ListItem","position":1,"name":"Mexique et Am\u00e9rique Centrale","item":"https:\/\/noria-research.com\/mxac\/"},{"@type":"ListItem","position":2,"name":"La violencia toma lugar"}]},{"@type":"WebSite","@id":"https:\/\/noria-research.com\/mxac\/#website","url":"https:\/\/noria-research.com\/mxac\/","name":"Mexico &amp; Central America","description":"","publisher":{"@id":"https:\/\/noria-research.com\/mxac\/#organization"},"potentialAction":[{"@type":"SearchAction","target":{"@type":"EntryPoint","urlTemplate":"https:\/\/noria-research.com\/mxac\/?s={search_term_string}"},"query-input":{"@type":"PropertyValueSpecification","valueRequired":true,"valueName":"search_term_string"}}],"inLanguage":"en-US"},{"@type":"Organization","@id":"https:\/\/noria-research.com\/mxac\/#organization","name":"Mexico &amp; Central America","url":"https:\/\/noria-research.com\/mxac\/","logo":{"@type":"ImageObject","inLanguage":"en-US","@id":"https:\/\/noria-research.com\/mxac\/#\/schema\/logo\/image\/","url":"https:\/\/noria-research.com\/mxac\/wp-content\/uploads\/2024\/12\/Logo-Noria-Mexico-bis-Blanc.svg","contentUrl":"https:\/\/noria-research.com\/mxac\/wp-content\/uploads\/2024\/12\/Logo-Noria-Mexico-bis-Blanc.svg","caption":"Mexico &amp; Central America"},"image":{"@id":"https:\/\/noria-research.com\/mxac\/#\/schema\/logo\/image\/"}}]}},"_links":{"self":[{"href":"https:\/\/noria-research.com\/mxac\/wp-json\/wp\/v2\/project\/236","targetHints":{"allow":["GET"]}}],"collection":[{"href":"https:\/\/noria-research.com\/mxac\/wp-json\/wp\/v2\/project"}],"about":[{"href":"https:\/\/noria-research.com\/mxac\/wp-json\/wp\/v2\/taxonomies\/project"}],"wp:post_type":[{"href":"https:\/\/noria-research.com\/mxac\/wp-json\/wp\/v2\/posts?project=236"},{"href":"https:\/\/noria-research.com\/mxac\/wp-json\/wp\/v2\/pages?project=236"},{"href":"https:\/\/noria-research.com\/mxac\/wp-json\/wp\/v2\/event?project=236"}],"curies":[{"name":"wp","href":"https:\/\/api.w.org\/{rel}","templated":true}]}}