{"id":274,"date":"2022-10-29T08:41:49","date_gmt":"2022-10-29T08:41:49","guid":{"rendered":"https:\/\/noria-research.com\/?p=28610"},"modified":"2023-12-18T23:33:14","modified_gmt":"2023-12-18T22:33:14","slug":"proyecto-migracion-en-america-central","status":"publish","type":"post","link":"https:\/\/noria-research.com\/mxac\/es\/proyecto-migracion-en-america-central\/","title":{"rendered":"Proyecto Migraci\u00f3n en Am\u00e9rica Central"},"content":{"rendered":"\n<blockquote class=\"wp-block-quote is-layout-flow wp-block-quote-is-layout-flow\">\n<p>&#8220;En este preciso instante, enormes caravanas de migrantes bien organizadas se aproximan a nuestra frontera sur. Algunos lo llaman \u2018invasi\u00f3n\u2019\u2026 Ya irrumpieron con violencia en la frontera mexicana\u2026 Son muchos j\u00f3venes, hombres fuertes. Y muchos hombres que quiz\u00e1 no queramos tener en nuestro pa\u00eds\u201d.<\/p>\n\n\n\n<p>Presidente de Estados Unidos, Donald Trump, 1 de noviembre de 2018.<\/p>\n<\/blockquote>\n\n\n\n<p>Durante los \u00faltimos cinco a\u00f1os, el tema de la migraci\u00f3n centroamericana hacia Estados Unidos ha estado en los encabezados de todo el mundo. A pesar de la atenci\u00f3n reciente que ha recibido, el fen\u00f3meno no es nada nuevo. Las naciones centroamericanas de Guatemala, Honduras, El Salvador y Nicaragua han sido exportadoras netas de poblaci\u00f3n durante un siglo o m\u00e1s; a mediados de la d\u00e9cada de los ochenta, los flujos migratorios llegaron a un punto m\u00e1ximo como consecuencia de las revoluciones, las guerras civiles y la brutal represi\u00f3n gubernamental que asolaba la regi\u00f3n. Adem\u00e1s,<sup data-fn=\"noria-1087\" class=\"fn\"><a id=\"noria-1087-link\" href=\"#noria-1087\">1<\/a><\/sup>\u00a0en 2018, un nuevo repunte en los intentos migratorios desde dicha regi\u00f3n se expres\u00f3 en enormes \u201ccaravanas\u201d de migrantes desesperados que se aglomeraban en los cruces fronterizos, lo que inspir\u00f3 la efusi\u00f3n de la ret\u00f3rica racista y de odio del presidente Trump e hizo que la migraci\u00f3n centroamericana se convirtiera, una vez m\u00e1s, en un tema central a nivel internacional y en un campo de batalla clave en las elecciones intermedias de ese a\u00f1o.\u00a0<\/p>\n\n\n\n<p>Ya se han dado muchas discusiones sobre qui\u00e9nes son en realidad esos migrantes. Los medios de comunicaci\u00f3n m\u00e1s emp\u00e1ticos dicen que son refugiados de la violencia, la pobreza y el cambio clim\u00e1tico, factores que han provocado una crisis social y econ\u00f3mica en Centroam\u00e9rica<sup data-fn=\"noria-2157\" class=\"fn\"><a id=\"noria-2157-link\" href=\"#noria-2157\">2<\/a><\/sup>. Varios periodistas han explicado tambi\u00e9n las razones del \u201cformato\u201d espec\u00edfico de la reciente ola migratoria (e. g. en caravanas), a saber, que permite que los migrantes se enfrenten mejor \u2014como colectivo\u2014 a los peligros del viaje, como la extorsi\u00f3n, el reclutamiento forzado, la violaci\u00f3n y otras formas de da\u00f1os corporales a manos de bandas criminales o actores ligados a las fuerzas de seguridad estatales<sup data-fn=\"noria-2908\" class=\"fn\"><a id=\"noria-2908-link\" href=\"#noria-2908\">3<\/a><\/sup>. Trump y sus porristas de Fox News, por supuesto, han sido mucho menos generosos: \u201cHay mucha gente ruda en esas caravanas. No son \u00e1ngeles\u201d<sup data-fn=\"noria-3281\" class=\"fn\"><a id=\"noria-3281-link\" href=\"#noria-3281\">4<\/a><\/sup>.\u00a0<\/p>\n\n\n\n<figure class=\"wp-block-image aligncenter is-resized\"><img decoding=\"async\" src=\"http:\/\/noria-research.com\/wp-content\/uploads\/2022\/10\/Capture-de\u0301cran-2022-10-27-a\u0300-09.43.14.png\" alt=\"\" style=\"width:930px;height:auto\"\/><figcaption class=\"wp-element-caption\">Photo Caption: Un veh\u00edculo de la Patrulla Fronteriza vigila un segmento del muro que separa M\u00e9xico de los Estados Unidos. Nogales, Estados Unidos, septiembre de 2021. Credit: Documentary \u201cThe Vertical Border\u201d by Sonja Wolf<\/figcaption><\/figure>\n\n\n\n<p>Sin embargo, se ha puesto mucha menos atenci\u00f3n acad\u00e9mica a la conformaci\u00f3n y motivaciones de las caravanas que, aunque ya est\u00e9n fragmentadas y disminuidas en comparaci\u00f3n con las de 2018-2019, se siguen abriendo paso a trav\u00e9s de Centroam\u00e9rica y M\u00e9xico para entrar a Estados Unidos <sup data-fn=\"noria-4765\" class=\"fn\"><a id=\"noria-4765-link\" href=\"#noria-4765\">5<\/a><\/sup>; y a\u00fan menos investigadores han pensado en analizar las realidades sociales, pol\u00edticas y econ\u00f3micas de Guatemala, Honduras, El Salvador y Nicaragua que llevan a la gente a migrar. Entonces, \u00bfcu\u00e1les son los factores que han hecho sentir a tantos individuos, familias, hombres, mujeres, ni\u00f1os y ancianos que no tienen otra alternativa que dejar sus hogares, comunidades y, en muchos casos, a sus seres queridos para embarcarse en la peligrosa traves\u00eda hacia el norte, hacia un futuro de incertidumbre cr\u00f3nica?<\/p>\n\n\n\n<p>En esta serie de art\u00edculos, escritos exclusivamente para el Programa Noria para M\u00e9xico y Am\u00e9rica Central, un grupo de investigadores de punta trata de responder exactamente esta pregunta. Con base en trabajo de campo exhaustivo en tres pa\u00edses de Centroam\u00e9rica, adem\u00e1s de investigaciones m\u00e1s expl\u00edcitamente sociales y\/o pol\u00edticas, Daniel N\u00fa\u00f1ez, Jos\u00e9 Luis Rocha y Sonja Wolf demuestran que, en \u00faltima instancia, la <i>violencia<\/i> es un elemento central en la historia de este \u00e9xodo centroamericano moderno que ni siquiera durante la pandemia del Covid-19 ha podido reducirse.<\/p>\n\n\n\n<p>Pero, \u00bfc\u00f3mo se ve en realidad esa violencia? Incluso podr\u00edamos hablar de <i>violencias<\/i>, pues la investigaci\u00f3n en campo indica que la violencia no es monol\u00edtica, sino un fen\u00f3meno que adopta m\u00faltiples formas que afectan a varios grupos de diferentes maneras, y por muchas razones. Y Centroam\u00e9rica ciertamente ha sido escenario de una <i>ampl\u00edsima<\/i> gama de acciones, procesos y sucesos violentos en los \u00faltimos a\u00f1os: la terrible y multifac\u00e9tica guerra entre pandillas como el MS13 y Barrio 18, las fuerzas de seguridad estatales, organizaciones paramilitares, narcotraficantes, escuadrones de la muerte y una gama de intereses poderosos; la serie de golpes pol\u00edticos, levantamientos populares, dura represi\u00f3n gubernamental contra los mismos y una gran variedad de desastres extremos causados por el cambio clim\u00e1tico antropog\u00e9nico; y finalmente, la multitud de conflictos locales y de largo plazo entre campesinos y terratenientes, entre comunidades y corporaciones, y entre trabajadores y promotores de la \u201creestructuraci\u00f3n\u201d econ\u00f3mica. Todo lo anterior ha ocultado las heridas abiertas de las revoluciones, guerras civiles y dictaduras militares de los a\u00f1os ochenta, as\u00ed como la agitaci\u00f3n de m\u00e1s de un siglo entre facciones, la interferencia de Estados Unidos y la violenta construcci\u00f3n del Estado que precedi\u00f3 a estos dos \u00faltimos factores.<\/p>\n\n\n\n<p>Para profundizar y agregar m\u00e1s matices al an\u00e1lisis de c\u00f3mo estos procesos, sucesos e historias est\u00e1n alimentando el aumento de la emigraci\u00f3n proveniente de los pueblos, ciudades, ranchos y poblados de Guatemala, El Salvador y Nicaragua, <b>\u201cEl poder desplazador de la extorsi\u00f3n\u201d de Daniel N\u00fa\u00f1ez <\/b>nos muestra que la extorsi\u00f3n financiera se ha convertido en un problema que afecta todas las facetas de la sociedad:<\/p>\n\n\n\n<p>&nbsp;\u201cAlgunas estimaciones establecen que en Guatemala, la poblaci\u00f3n afectada paga, en promedio, 60 millones de d\u00f3lares al a\u00f1o por extorsiones, cifra que se ubica por debajo de lo que pagan en El Salvador y Honduras\u201d.<\/p>\n\n\n\n<p>Incluso los funcionarios que trabajan para el propio organismo estatal antiextorsi\u00f3n pueden terminar siendo v\u00edctimas de ese delito tan inquietante, un factor que provoca cada vez m\u00e1s migraci\u00f3n e inseguridad:<\/p>\n\n\n\n<p>&#8221; En los pa\u00edses del norte de Centroam\u00e9rica, este delito, por lo general, se vincula a pandillas y otros grupos criminales, quienes por medio de llamadas telef\u00f3nicas, notas intimidatorias o intermediarios exigen montos de dinero variables en forma peri\u00f3dica a hogares y peque\u00f1os comercios, a menudo ubicados en \u00e1reas urbanas.\u201d<\/p>\n\n\n\n<p>Por su parte, en <b>\u201cEl exilio de los nicarag\u00fcenses: cifras y tragedias personales\u201d, Jos\u00e9 Luis Rocha<\/b> analiza la actual ola de represi\u00f3n pol\u00edtica violenta en Nicaragua que ha \u201cproducido un \u00e9xodo creciente e imparable\u201d. A partir de que el gobierno de Daniel Ortega encar\u00f3 las demandas de que dejara el cargo en abril de 2018 con violencia policial y paramilitar en las calles, y orden\u00f3 la detenci\u00f3n y encarcelamiento de los l\u00edderes de oposici\u00f3n, \u201cEl Alto Comisionado de las Naciones Unidas para los Refugiados (ACNUR, 2020) habla de m\u00e1s de 87,000 nicarag\u00fcenses que buscan protecci\u00f3n en Costa Rica y hace un a\u00f1o hablaba de un total mundial de m\u00e1s de 103,600 nicarag\u00fcenses desplazados desde 2018.\u201d Adem\u00e1s:&nbsp;<\/p>\n\n\n\n<p>\u201cEl aumento de migraci\u00f3n autorizada y no autorizada suele traducirse en una mayor presencia de casos de nicarag\u00fcenses \u2013normalmente presentando solicitudes de asilo\u2013 en las cortes migratorias estadounidenses. Eso ocurri\u00f3 en los a\u00f1os previos y es previsible que marque una tendencia. Hubo 4,145 casos en septiembre de 2018. Este n\u00famero subi\u00f3&nbsp; hasta llegar a 12,006 casos en diciembre de 2019, un incremento de casi 190 por ciento, solo superado por cubanos y venezolanos, seg\u00fan el sitio web de Trac Immigration (2021)\u201d<\/p>\n\n\n\n<p>Por \u00faltimo, en <b>\u201cMigraci\u00f3n forzada y la pol\u00edtica de la violencia en El Salvador\u201d, Sonja Wolf<\/b> sostiene que hay un sentimiento de inseguridad generalizado que ha obligado a miles de salvadore\u00f1os a migrar. Aunque la violencia de las pandillas tenga un papel central en la producci\u00f3n de la violencia criminal en el pa\u00eds y en la percepci\u00f3n de las amenazas a la vida y el sustento de los ciudadanos, la autora se\u00f1ala tambi\u00e9n el impacto perjudicial de las pol\u00edticas de <i>mano dura<\/i>. Quien m\u00e1s recientemente ha promovido tales pol\u00edticas, que hab\u00edan tenido el apoyo de l\u00edderes pol\u00edticos y funcionarios p\u00fablicos tanto de izquierda como de derecha desde 2003, ha sido el presidente populista del Bitcoin, Nayib Bukele. Ese tipo de pol\u00edticas ha gozado de altos niveles de apoyo en el pa\u00eds:<\/p>\n\n\n\n<p>&nbsp;\u201cLa idea de combatir la violencia con violencia resonaba en la cultura pol\u00edtica autoritaria de El Salvador (idea que se profundiz\u00f3 durante la guerra civil), pero las medidas resultaron ser sumamente contraproducentes. La cantidad de asesinatos escal\u00f3, y la detenci\u00f3n en c\u00e1rceles segregadas por pandillas tuvo el efecto de hacer que las bandas se cohesionaran m\u00e1s y que la extorsi\u00f3n se volviera m\u00e1s sistem\u00e1tica.\u201d<\/p>\n\n\n\n<p>La violencia de las pandillas y las pol\u00edticas tan represivas contra ellas han generado un contexto donde el desplazamiento y la migraci\u00f3n parecen las \u00fanicas alternativas viables para la supervivencia y la seguridad:<\/p>\n\n\n\n<p>&nbsp;\u201cTodos aquellos que est\u00e1n en la mira de alguna pandilla tienen que cambiar su rutina y lugar de residencia. Algunos, atados a su pa\u00eds por tener recursos limitados o por sus v\u00ednculos familiares o nacionales, se reubican a nivel interno y tratan de mantener un bajo perfil. Sin embargo, las v\u00edctimas pronto se dan cuenta de que en El Salvador nunca van a estar a salvo. Entonces se dirigen hacia M\u00e9xico o, con mayor frecuencia, a Estados Unidos, pa\u00eds que asocian con seguridad, oportunidades econ\u00f3micas y lazos familiares preexistentes\u201d.<\/p>\n\n\n\n<p>Los tres art\u00edculos se cuestionan por los efectos de la migraci\u00f3n en quienes se quedan en el pa\u00eds, efectos impl\u00edcitos en todos estos casos. En Nicaragua, por ejemplo, \u201cDiscontent, via a paradoxical effect, transforms this exodus into economic aid. The increase in migrants results \u2013 although not always immediately \u2013 in an increase in remittances that makes it possible to keep shipwrecked family economies afloat and, at the same time, ensures the survival of the expelling system.\u201d Sin embargo, la migraci\u00f3n estimula una mayor migraci\u00f3n, pues los migrantes originales, una vez asentados en Estados Unidos, llaman a sus familias para que se vayan con ellos, o pasan la voz en sus comunidades de origen sobre los beneficios potenciales de emprender el peligroso viaje hacia el norte.&nbsp;<\/p>\n\n\n\n<p>Los tres textos tambi\u00e9n se\u00f1alan las intersecciones entre las distintas formas de violencia y c\u00f3mo la impunidad, la represi\u00f3n y la negligencia estatales aumentan la vulnerabilidad de localidades y barrios enteros, as\u00ed como la probabilidad de que migren otros miembros de la familia. Incluso aunque los autores hagan \u00e9nfasis en distintas expresiones de la violencia \u2014extorsiones en Guatemala, violencia de pandillas en El Salvador y represi\u00f3n estatal en Nicaragua\u2014, demuestran la importancia de entender c\u00f3mo se intersectan la violencia criminal y la pol\u00edtica. Como <b>menciona el art\u00edculo de Daniel N\u00fa\u00f1ez<\/b>, el poder de la extorsi\u00f3n, como amenaza y como realidad, aumenta debido a la incapacidad o falta de voluntad de las autoridades estatales de proteger a los ciudadanos contra ese delito. Y como <b>afirma<\/b> <b>Sonja Wolf<\/b>, el espect\u00e1culo de la guerra contra las pandillas y los beneficios pol\u00edticos asociados con ella han desviado atenci\u00f3n y recursos de las causas de ra\u00edz de la violencia relacionada con las pandillas en detrimento del bienestar de los ciudadanos. Y aunque el entorno que describe <b>Jos\u00e9 Luis Rocha<\/b> para el caso nicarag\u00fcense pueda parecer \u201c\u00fanico\u201d con respecto al papel central de la violencia estatal en el contexto de inseguridad del pa\u00eds, el panorama que pintan los tres textos muestra continuos e intersecciones importantes entre las formas estatales y no estatales del da\u00f1o y la violencia.<\/p>\n\n\n\n<p>Tales continuos de violencia y los paralelos que existen entre los tres pa\u00edses no son s\u00f3lo relevantes para discusiones acad\u00e9micas sobre el tema, sino que sacan a la luz la necesidad de cuestionar los an\u00e1lisis binarios que se centran en categor\u00edas r\u00edgidas de \u201cmigrante\u201d y \u201crefugiado\u201d, y este aspecto quiz\u00e1 sea a\u00fan m\u00e1s importante. Para evaluar de manera m\u00e1s efectiva las crisis de inseguridad y migratorias de los tres pa\u00edses, necesitamos una perspectiva que reconozca por completo el car\u00e1cter multifac\u00e9tico de las <i>violencias<\/i> que impactan a esos pa\u00edses y los factores pol\u00edticos, econ\u00f3micos y sociales que las desencadenan.<\/p>\n\n\n\n<p>M\u00e1s all\u00e1 de los encabezados sensacionalistas o de los informes que especulan sobre los llamados \u201cintereses ocultos\u201d de las caravanas, esta Serie de Noria, Migraci\u00f3n centroamericana, re\u00fane a investigadores capaces de captar las complejidades y la din\u00e1mica estructural e institucional que influyen en la gente que decide migrar al norte, a pesar de todos los peligros y costos que conlleva la decisi\u00f3n. Actualmente, la migraci\u00f3n mexicana hacia Estados Unidos parece estar creciendo otra vez, y ser\u00e1 cada vez m\u00e1s relevante entender y comparar los patrones mexicanos y centroamericanos de migraci\u00f3n en t\u00e9rminos de sus motivaciones, manifestaciones y consecuencias. Los art\u00edculos de esta serie ofrecen bases anal\u00edticas importantes para empezar a comparar y contrastar las realidades de dichos pa\u00edses, y revelan la importancia de investigar el fen\u00f3meno desde una perspectiva que trascienda las cifras y trate de entender los dif\u00edciles retos que viven mujeres, ni\u00f1os y familias enteras en el mundo real.<\/p>\n\n\n\n<h2 class=\"wp-block-heading\">Notes<\/h2>\n\n\n<ol class=\"wp-block-footnotes\"><li id=\"noria-1087\"> Banco Mundial, \u201cMigraci\u00f3n neta: El Salvador, Honduras, Nicaragua, Guatemala, 1962-2017\u201d,\u00a0Banco Mundial, https:\/\/datos.bancomundial.org\/indicador\/SM.POP.NETM?end=2017&amp;locations=SV-HN-NI-GT&amp;name_desc=false&amp;start=1962&amp;view=chart, fecha de consulta, 25 de septiembre de 2022  <a href=\"#noria-1087-link\" aria-label=\"Jump to footnote reference 1\">\u21a9\ufe0e<\/a><\/li><li id=\"noria-2157\">\u00a0E. g. Oliver Milman, Emily Holden, David Agren, \u201cThe unseen driver behind the migrant caravan: climate change\u201d, The Guardian, 30 de octubre de 2018 https:\/\/www.theguardian.com\/world\/2018\/oct\/30\/migrant-caravan-causes-climate-change-central-america, fecha de consulta, 25 de septiembre de 2022\u00a0 <a href=\"#noria-2157-link\" aria-label=\"Jump to footnote reference 2\">\u21a9\ufe0e<\/a><\/li><li id=\"noria-2908\">\u00a0Dara Lind, \u201cThe migrant caravan, explained\u201d,\u00a0Vox, 25 de octubre de 2018 https:\/\/www.vox.com\/2018\/10\/24\/18010340\/caravan-trump-border-honduras-mexico, fecha de consulta, 25 de septiembre de 2022 <a href=\"#noria-2908-link\" aria-label=\"Jump to footnote reference 3\">\u21a9\ufe0e<\/a><\/li><li id=\"noria-3281\">Donald Trump, \u201cSpeech to Campaign Rally in Missouri\u201d, 2 de noviembre de 2018 http:\/\/edition.cnn.com\/TRANSCRIPTS\/1811\/02\/cnr.19.html, fecha de consulta, 25 de septiembre de 2022 <a href=\"#noria-3281-link\" aria-label=\"Jump to footnote reference 4\">\u21a9\ufe0e<\/a><\/li><li id=\"noria-4765\">EFE, \u201cM\u00e9xico disuelve caravana de migrantes en el sur; ofrece regularizarlos\u201d,\u00a0Forbes M\u00e9xico, 23 de abril de 2022, [https:\/\/www.forbes.com.mx\/mexico-disuelve-caravana-de-migrantes-en-el-sur-ofrece-regularizarlos\/ fecha de consulta, 25 de septiembre de 2022] <a href=\"#noria-4765-link\" aria-label=\"Jump to footnote reference 5\">\u21a9\ufe0e<\/a><\/li><\/ol>","protected":false},"excerpt":{"rendered":"<p>&#8220;En este preciso instante, enormes caravanas de migrantes bien organizadas se aproximan a nuestra frontera sur. Algunos lo llaman \u2018invasi\u00f3n\u2019\u2026 Ya irrumpieron con violencia en la frontera mexicana\u2026 Son muchos j\u00f3venes, hombres fuertes. Y muchos hombres que quiz\u00e1 no queramos tener en nuestro pa\u00eds\u201d. Presidente de Estados Unidos, Donald Trump, 1 de noviembre de 2018. [&hellip;]<\/p>\n","protected":false},"author":187,"featured_media":0,"comment_status":"closed","ping_status":"closed","sticky":false,"template":"","format":"standard","meta":{"_molongui_author":["user-187"],"footnotes":"[{\"content\":\" Banco Mundial, \u201cMigraci\u00f3n neta: El Salvador, Honduras, Nicaragua, Guatemala, 1962-2017\u201d,\u00a0Banco Mundial, https:\/\/datos.bancomundial.org\/indicador\/SM.POP.NETM?end=2017&amp;locations=SV-HN-NI-GT&amp;name_desc=false&amp;start=1962&amp;view=chart, fecha de consulta, 25 de septiembre de 2022 \",\"id\":\"noria-1087\"},{\"content\":\"\u00a0E. g. Oliver Milman, Emily Holden, David Agren, \u201cThe unseen driver behind the migrant caravan: climate change\u201d, The Guardian, 30 de octubre de 2018 https:\/\/www.theguardian.com\/world\/2018\/oct\/30\/migrant-caravan-causes-climate-change-central-america, fecha de consulta, 25 de septiembre de 2022\u00a0\",\"id\":\"noria-2157\"},{\"content\":\"\u00a0Dara Lind, \u201cThe migrant caravan, explained\u201d,\u00a0Vox, 25 de octubre de 2018 https:\/\/www.vox.com\/2018\/10\/24\/18010340\/caravan-trump-border-honduras-mexico, fecha de consulta, 25 de septiembre de 2022\",\"id\":\"noria-2908\"},{\"content\":\"Donald Trump, \u201cSpeech to Campaign Rally in Missouri\u201d, 2 de noviembre de 2018 http:\/\/edition.cnn.com\/TRANSCRIPTS\/1811\/02\/cnr.19.html, fecha de consulta, 25 de septiembre de 2022\",\"id\":\"noria-3281\"},{\"content\":\"EFE, \u201cM\u00e9xico disuelve caravana de migrantes en el sur; ofrece regularizarlos\u201d,\u00a0Forbes M\u00e9xico, 23 de abril de 2022, [https:\/\/www.forbes.com.mx\/mexico-disuelve-caravana-de-migrantes-en-el-sur-ofrece-regularizarlos\/ fecha de consulta, 25 de septiembre de 2022]\",\"id\":\"noria-4765\"}]"},"categories":[26],"tags":[],"podcast":[],"project":[234],"region":[171],"class_list":["post-274","post","type-post","status-publish","format-standard","hentry","category-articulo","project-migracion-en-america-central","region-america"],"yoast_head":"<!-- This site is optimized with the Yoast SEO plugin v26.0 - https:\/\/yoast.com\/wordpress\/plugins\/seo\/ -->\n<title>Proyecto Migraci\u00f3n en Am\u00e9rica Central - Mexico &amp; Central America<\/title>\n<meta name=\"robots\" content=\"index, follow, max-snippet:-1, max-image-preview:large, max-video-preview:-1\" \/>\n<link rel=\"canonical\" href=\"https:\/\/noria-research.com\/mxac\/es\/proyecto-migracion-en-america-central\/\" \/>\n<meta property=\"og:locale\" content=\"en_US\" \/>\n<meta property=\"og:type\" content=\"article\" \/>\n<meta property=\"og:title\" content=\"Proyecto Migraci\u00f3n en Am\u00e9rica Central - Mexico &amp; Central America\" \/>\n<meta property=\"og:description\" content=\"&#8220;En este preciso instante, enormes caravanas de migrantes bien organizadas se aproximan a nuestra frontera sur. Algunos lo llaman \u2018invasi\u00f3n\u2019\u2026 Ya irrumpieron con violencia en la frontera mexicana\u2026 Son muchos j\u00f3venes, hombres fuertes. Y muchos hombres que quiz\u00e1 no queramos tener en nuestro pa\u00eds\u201d. Presidente de Estados Unidos, Donald Trump, 1 de noviembre de 2018. [&hellip;]\" \/>\n<meta property=\"og:url\" content=\"https:\/\/noria-research.com\/mxac\/es\/proyecto-migracion-en-america-central\/\" \/>\n<meta property=\"og:site_name\" content=\"Mexico &amp; Central America\" \/>\n<meta property=\"article:published_time\" content=\"2022-10-29T08:41:49+00:00\" \/>\n<meta property=\"article:modified_time\" content=\"2023-12-18T22:33:14+00:00\" \/>\n<meta name=\"author\" content=\"Gema Kloppe-Santamar\u00eda\" \/>\n<meta name=\"twitter:card\" content=\"summary_large_image\" \/>\n<meta name=\"twitter:label1\" content=\"Written by\" \/>\n\t<meta name=\"twitter:data1\" content=\"Gema Kloppe-Santamar\u00eda\" \/>\n\t<meta name=\"twitter:label2\" content=\"Est. reading time\" \/>\n\t<meta name=\"twitter:data2\" content=\"10 minutes\" \/>\n<script type=\"application\/ld+json\" class=\"yoast-schema-graph\">{\"@context\":\"https:\/\/schema.org\",\"@graph\":[{\"@type\":\"Article\",\"@id\":\"https:\/\/noria-research.com\/mxac\/es\/proyecto-migracion-en-america-central\/#article\",\"isPartOf\":{\"@id\":\"https:\/\/noria-research.com\/mxac\/es\/proyecto-migracion-en-america-central\/\"},\"author\":{\"name\":\"Gema Kloppe-Santamar\u00eda\",\"@id\":\"https:\/\/noria-research.com\/mxac\/#\/schema\/person\/adad4a8ea51f455648caef471b7caee3\"},\"headline\":\"Proyecto Migraci\u00f3n en Am\u00e9rica Central\",\"datePublished\":\"2022-10-29T08:41:49+00:00\",\"dateModified\":\"2023-12-18T22:33:14+00:00\",\"mainEntityOfPage\":{\"@id\":\"https:\/\/noria-research.com\/mxac\/es\/proyecto-migracion-en-america-central\/\"},\"wordCount\":2282,\"publisher\":{\"@id\":\"https:\/\/noria-research.com\/mxac\/#organization\"},\"articleSection\":[\"Art\u00edculo\"],\"inLanguage\":\"en-US\"},{\"@type\":\"WebPage\",\"@id\":\"https:\/\/noria-research.com\/mxac\/es\/proyecto-migracion-en-america-central\/\",\"url\":\"https:\/\/noria-research.com\/mxac\/es\/proyecto-migracion-en-america-central\/\",\"name\":\"Proyecto Migraci\u00f3n en Am\u00e9rica Central - Mexico &amp; Central America\",\"isPartOf\":{\"@id\":\"https:\/\/noria-research.com\/mxac\/#website\"},\"datePublished\":\"2022-10-29T08:41:49+00:00\",\"dateModified\":\"2023-12-18T22:33:14+00:00\",\"breadcrumb\":{\"@id\":\"https:\/\/noria-research.com\/mxac\/es\/proyecto-migracion-en-america-central\/#breadcrumb\"},\"inLanguage\":\"en-US\",\"potentialAction\":[{\"@type\":\"ReadAction\",\"target\":[\"https:\/\/noria-research.com\/mxac\/es\/proyecto-migracion-en-america-central\/\"]}]},{\"@type\":\"BreadcrumbList\",\"@id\":\"https:\/\/noria-research.com\/mxac\/es\/proyecto-migracion-en-america-central\/#breadcrumb\",\"itemListElement\":[{\"@type\":\"ListItem\",\"position\":1,\"name\":\"Mexique et Am\u00e9rique Centrale\",\"item\":\"https:\/\/noria-research.com\/mxac\/\"},{\"@type\":\"ListItem\",\"position\":2,\"name\":\"Migraci\u00f3n en Am\u00e9rica Central\",\"item\":\"https:\/\/noria-research.com\/mxac\/es\/project\/migracion-en-america-central\/\"},{\"@type\":\"ListItem\",\"position\":3,\"name\":\"Proyecto Migraci\u00f3n en Am\u00e9rica Central\"}]},{\"@type\":\"WebSite\",\"@id\":\"https:\/\/noria-research.com\/mxac\/#website\",\"url\":\"https:\/\/noria-research.com\/mxac\/\",\"name\":\"Mexico &amp; Central America\",\"description\":\"\",\"publisher\":{\"@id\":\"https:\/\/noria-research.com\/mxac\/#organization\"},\"potentialAction\":[{\"@type\":\"SearchAction\",\"target\":{\"@type\":\"EntryPoint\",\"urlTemplate\":\"https:\/\/noria-research.com\/mxac\/?s={search_term_string}\"},\"query-input\":{\"@type\":\"PropertyValueSpecification\",\"valueRequired\":true,\"valueName\":\"search_term_string\"}}],\"inLanguage\":\"en-US\"},{\"@type\":\"Organization\",\"@id\":\"https:\/\/noria-research.com\/mxac\/#organization\",\"name\":\"Mexico &amp; Central America\",\"url\":\"https:\/\/noria-research.com\/mxac\/\",\"logo\":{\"@type\":\"ImageObject\",\"inLanguage\":\"en-US\",\"@id\":\"https:\/\/noria-research.com\/mxac\/#\/schema\/logo\/image\/\",\"url\":\"https:\/\/noria-research.com\/mxac\/wp-content\/uploads\/2024\/12\/Logo-Noria-Mexico-bis-Blanc.svg\",\"contentUrl\":\"https:\/\/noria-research.com\/mxac\/wp-content\/uploads\/2024\/12\/Logo-Noria-Mexico-bis-Blanc.svg\",\"caption\":\"Mexico &amp; Central America\"},\"image\":{\"@id\":\"https:\/\/noria-research.com\/mxac\/#\/schema\/logo\/image\/\"}},{\"@type\":\"Person\",\"@id\":\"https:\/\/noria-research.com\/mxac\/#\/schema\/person\/adad4a8ea51f455648caef471b7caee3\",\"name\":\"Gema Kloppe-Santamar\u00eda\",\"image\":{\"@type\":\"ImageObject\",\"inLanguage\":\"en-US\",\"@id\":\"https:\/\/noria-research.com\/mxac\/#\/schema\/person\/image\/\",\"url\":\"https:\/\/noria-research.com\/mxac\/wp-content\/uploads\/2023\/12\/noria-user-2.svg\",\"contentUrl\":\"https:\/\/noria-research.com\/mxac\/wp-content\/uploads\/2023\/12\/noria-user-2.svg\",\"caption\":\"Gema Kloppe-Santamar\u00eda\"},\"description\":\"Research Area : Mexico - Central America L Gema Kloppe-Santamar\u00eda is Assistant Professor of Latin American History at Loyola University, Chicago. Her research deals with questions of violence, security, religion, and gender in Latin America, with a particular focus on Mexico and Central America. Before joining Loyola, she was a Visiting Fellow at the Kellogg Institute for International Studies at Notre Dame University (2017\u201318) and Assistant Professor of International Studies at the Instituto Tecnol\u00f3gico Aut\u00f3nomo de M\u00e9xico (2015\u201317). She holds a PhD in Sociology and Historical Studies from the New School for Social Research and a Master in Gender and Social Policy from the London School of Economics. Her research has been supported by several fellowships including a Fulbright-Garc\u00eda Robles Scholarship, the Charles A. Hale Fellowship in Mexican History by the Latin American Studies Association (LASA), and the Women in the Humanities Fellowship by the Mexican Academy of Sciences. She is the author of In the Vortex of Violence: Lynching, Extralegal Justice and the State in Post-Revolutionary Mexico (University of California Press, 2020). Her work has been featured in the Latin American Research Review, The Americas, and The Journal of Latin American Studies. She has also authored reports for the United Nations Development Program (UNDP), the Wilson Center for International Scholars, and the Norwegian Peacebuilding Resource Center (NOREF). In addition to her work on vigilante justice and state formation, Kloppe-Santamar\u00eda is currently working on a new project that deals with the contentious relationship between religion and violence in Mexico.\",\"url\":\"https:\/\/noria-research.com\/mxac\/author\/gema-santamaria\/\"}]}<\/script>\n<!-- \/ Yoast SEO plugin. -->","yoast_head_json":{"title":"Proyecto Migraci\u00f3n en Am\u00e9rica Central - Mexico &amp; Central America","robots":{"index":"index","follow":"follow","max-snippet":"max-snippet:-1","max-image-preview":"max-image-preview:large","max-video-preview":"max-video-preview:-1"},"canonical":"https:\/\/noria-research.com\/mxac\/es\/proyecto-migracion-en-america-central\/","og_locale":"en_US","og_type":"article","og_title":"Proyecto Migraci\u00f3n en Am\u00e9rica Central - Mexico &amp; Central America","og_description":"&#8220;En este preciso instante, enormes caravanas de migrantes bien organizadas se aproximan a nuestra frontera sur. Algunos lo llaman \u2018invasi\u00f3n\u2019\u2026 Ya irrumpieron con violencia en la frontera mexicana\u2026 Son muchos j\u00f3venes, hombres fuertes. Y muchos hombres que quiz\u00e1 no queramos tener en nuestro pa\u00eds\u201d. Presidente de Estados Unidos, Donald Trump, 1 de noviembre de 2018. [&hellip;]","og_url":"https:\/\/noria-research.com\/mxac\/es\/proyecto-migracion-en-america-central\/","og_site_name":"Mexico &amp; Central America","article_published_time":"2022-10-29T08:41:49+00:00","article_modified_time":"2023-12-18T22:33:14+00:00","author":"Gema Kloppe-Santamar\u00eda","twitter_card":"summary_large_image","twitter_misc":{"Written by":"Gema Kloppe-Santamar\u00eda","Est. reading time":"10 minutes"},"schema":{"@context":"https:\/\/schema.org","@graph":[{"@type":"Article","@id":"https:\/\/noria-research.com\/mxac\/es\/proyecto-migracion-en-america-central\/#article","isPartOf":{"@id":"https:\/\/noria-research.com\/mxac\/es\/proyecto-migracion-en-america-central\/"},"author":{"name":"Gema Kloppe-Santamar\u00eda","@id":"https:\/\/noria-research.com\/mxac\/#\/schema\/person\/adad4a8ea51f455648caef471b7caee3"},"headline":"Proyecto Migraci\u00f3n en Am\u00e9rica Central","datePublished":"2022-10-29T08:41:49+00:00","dateModified":"2023-12-18T22:33:14+00:00","mainEntityOfPage":{"@id":"https:\/\/noria-research.com\/mxac\/es\/proyecto-migracion-en-america-central\/"},"wordCount":2282,"publisher":{"@id":"https:\/\/noria-research.com\/mxac\/#organization"},"articleSection":["Art\u00edculo"],"inLanguage":"en-US"},{"@type":"WebPage","@id":"https:\/\/noria-research.com\/mxac\/es\/proyecto-migracion-en-america-central\/","url":"https:\/\/noria-research.com\/mxac\/es\/proyecto-migracion-en-america-central\/","name":"Proyecto Migraci\u00f3n en Am\u00e9rica Central - Mexico &amp; Central America","isPartOf":{"@id":"https:\/\/noria-research.com\/mxac\/#website"},"datePublished":"2022-10-29T08:41:49+00:00","dateModified":"2023-12-18T22:33:14+00:00","breadcrumb":{"@id":"https:\/\/noria-research.com\/mxac\/es\/proyecto-migracion-en-america-central\/#breadcrumb"},"inLanguage":"en-US","potentialAction":[{"@type":"ReadAction","target":["https:\/\/noria-research.com\/mxac\/es\/proyecto-migracion-en-america-central\/"]}]},{"@type":"BreadcrumbList","@id":"https:\/\/noria-research.com\/mxac\/es\/proyecto-migracion-en-america-central\/#breadcrumb","itemListElement":[{"@type":"ListItem","position":1,"name":"Mexique et Am\u00e9rique Centrale","item":"https:\/\/noria-research.com\/mxac\/"},{"@type":"ListItem","position":2,"name":"Migraci\u00f3n en Am\u00e9rica Central","item":"https:\/\/noria-research.com\/mxac\/es\/project\/migracion-en-america-central\/"},{"@type":"ListItem","position":3,"name":"Proyecto Migraci\u00f3n en Am\u00e9rica Central"}]},{"@type":"WebSite","@id":"https:\/\/noria-research.com\/mxac\/#website","url":"https:\/\/noria-research.com\/mxac\/","name":"Mexico &amp; Central America","description":"","publisher":{"@id":"https:\/\/noria-research.com\/mxac\/#organization"},"potentialAction":[{"@type":"SearchAction","target":{"@type":"EntryPoint","urlTemplate":"https:\/\/noria-research.com\/mxac\/?s={search_term_string}"},"query-input":{"@type":"PropertyValueSpecification","valueRequired":true,"valueName":"search_term_string"}}],"inLanguage":"en-US"},{"@type":"Organization","@id":"https:\/\/noria-research.com\/mxac\/#organization","name":"Mexico &amp; Central America","url":"https:\/\/noria-research.com\/mxac\/","logo":{"@type":"ImageObject","inLanguage":"en-US","@id":"https:\/\/noria-research.com\/mxac\/#\/schema\/logo\/image\/","url":"https:\/\/noria-research.com\/mxac\/wp-content\/uploads\/2024\/12\/Logo-Noria-Mexico-bis-Blanc.svg","contentUrl":"https:\/\/noria-research.com\/mxac\/wp-content\/uploads\/2024\/12\/Logo-Noria-Mexico-bis-Blanc.svg","caption":"Mexico &amp; Central America"},"image":{"@id":"https:\/\/noria-research.com\/mxac\/#\/schema\/logo\/image\/"}},{"@type":"Person","@id":"https:\/\/noria-research.com\/mxac\/#\/schema\/person\/adad4a8ea51f455648caef471b7caee3","name":"Gema Kloppe-Santamar\u00eda","image":{"@type":"ImageObject","inLanguage":"en-US","@id":"https:\/\/noria-research.com\/mxac\/#\/schema\/person\/image\/","url":"https:\/\/noria-research.com\/mxac\/wp-content\/uploads\/2023\/12\/noria-user-2.svg","contentUrl":"https:\/\/noria-research.com\/mxac\/wp-content\/uploads\/2023\/12\/noria-user-2.svg","caption":"Gema Kloppe-Santamar\u00eda"},"description":"Research Area : Mexico - Central America L Gema Kloppe-Santamar\u00eda is Assistant Professor of Latin American History at Loyola University, Chicago. Her research deals with questions of violence, security, religion, and gender in Latin America, with a particular focus on Mexico and Central America. Before joining Loyola, she was a Visiting Fellow at the Kellogg Institute for International Studies at Notre Dame University (2017\u201318) and Assistant Professor of International Studies at the Instituto Tecnol\u00f3gico Aut\u00f3nomo de M\u00e9xico (2015\u201317). She holds a PhD in Sociology and Historical Studies from the New School for Social Research and a Master in Gender and Social Policy from the London School of Economics. Her research has been supported by several fellowships including a Fulbright-Garc\u00eda Robles Scholarship, the Charles A. Hale Fellowship in Mexican History by the Latin American Studies Association (LASA), and the Women in the Humanities Fellowship by the Mexican Academy of Sciences. She is the author of In the Vortex of Violence: Lynching, Extralegal Justice and the State in Post-Revolutionary Mexico (University of California Press, 2020). Her work has been featured in the Latin American Research Review, The Americas, and The Journal of Latin American Studies. She has also authored reports for the United Nations Development Program (UNDP), the Wilson Center for International Scholars, and the Norwegian Peacebuilding Resource Center (NOREF). In addition to her work on vigilante justice and state formation, Kloppe-Santamar\u00eda is currently working on a new project that deals with the contentious relationship between religion and violence in Mexico.","url":"https:\/\/noria-research.com\/mxac\/author\/gema-santamaria\/"}]}},"_links":{"self":[{"href":"https:\/\/noria-research.com\/mxac\/wp-json\/wp\/v2\/posts\/274","targetHints":{"allow":["GET"]}}],"collection":[{"href":"https:\/\/noria-research.com\/mxac\/wp-json\/wp\/v2\/posts"}],"about":[{"href":"https:\/\/noria-research.com\/mxac\/wp-json\/wp\/v2\/types\/post"}],"author":[{"embeddable":true,"href":"https:\/\/noria-research.com\/mxac\/wp-json\/wp\/v2\/users\/187"}],"replies":[{"embeddable":true,"href":"https:\/\/noria-research.com\/mxac\/wp-json\/wp\/v2\/comments?post=274"}],"version-history":[{"count":1,"href":"https:\/\/noria-research.com\/mxac\/wp-json\/wp\/v2\/posts\/274\/revisions"}],"predecessor-version":[{"id":328,"href":"https:\/\/noria-research.com\/mxac\/wp-json\/wp\/v2\/posts\/274\/revisions\/328"}],"wp:attachment":[{"href":"https:\/\/noria-research.com\/mxac\/wp-json\/wp\/v2\/media?parent=274"}],"wp:term":[{"taxonomy":"category","embeddable":true,"href":"https:\/\/noria-research.com\/mxac\/wp-json\/wp\/v2\/categories?post=274"},{"taxonomy":"post_tag","embeddable":true,"href":"https:\/\/noria-research.com\/mxac\/wp-json\/wp\/v2\/tags?post=274"},{"taxonomy":"podcast","embeddable":true,"href":"https:\/\/noria-research.com\/mxac\/wp-json\/wp\/v2\/podcast?post=274"},{"taxonomy":"project","embeddable":true,"href":"https:\/\/noria-research.com\/mxac\/wp-json\/wp\/v2\/project?post=274"},{"taxonomy":"region","embeddable":true,"href":"https:\/\/noria-research.com\/mxac\/wp-json\/wp\/v2\/region?post=274"}],"curies":[{"name":"wp","href":"https:\/\/api.w.org\/{rel}","templated":true}]}}