{"id":193,"date":"2015-04-06T21:55:44","date_gmt":"2015-04-06T21:55:44","guid":{"rendered":"https:\/\/www.noria-research.com\/?p=4957"},"modified":"2023-12-18T17:45:03","modified_gmt":"2023-12-18T16:45:03","slug":"cuba-lever-lembargo-ou-pas","status":"publish","type":"post","link":"https:\/\/noria-research.com\/mxac\/fr\/cuba-lever-lembargo-ou-pas\/","title":{"rendered":"Cuba: Lever l&#8217;embargo&#8230; ou pas"},"content":{"rendered":"\n<p class=\"has-text-align-left\">Depuis le 17 d\u00e9cembre 2014 et l\u2019annonce tr\u00e8s m\u00e9diatique simultan\u00e9e de Barack Obama et de Raul Castro d\u2019une reprise des relations entre leurs deux pays, les d\u00e9l\u00e9gations nord-am\u00e9ricaines se succ\u00e8dent \u00e0 Cuba et les n\u00e9gociations s\u2019organisent. En effet, apr\u00e8s la poign\u00e9e de mains entre les deux pr\u00e9sidents aux obs\u00e8ques de Nelson Mandela en 2013, on pouvait supposer une volont\u00e9 r\u00e9ciproque de rapprochement. Elle est devenue officielle \u00e0 la suite des deux messages lanc\u00e9s depuis Washington et La Havane, annon\u00e7ant un accord \u00e0 la fois modeste et historique sur des mesures concr\u00e8tes&nbsp;: la lib\u00e9ration par Washington des trois agents cubains prisonniers aux \u00c9tats-Unis depuis 1998 et celle, en retour, d\u2019Alan Gross, emprisonn\u00e9 \u00e0 Cuba depuis 2009, ainsi que des mesures d\u2019assouplissement visant la lev\u00e9e de l\u2019embargo et la libre circulation des personnes.<\/p>\n\n\n\n<p class=\"has-text-align-left\">Les r\u00e9actions en Am\u00e9rique latine ont \u00e9t\u00e9 aussit\u00f4t unanimement favorables. Pour le secr\u00e9taire g\u00e9n\u00e9ral de l\u2019Union des nations sud-am\u00e9ricaines (Unasur), Ernesto Samper, \u00ab il est temps de penser \u00e0 une relance des relations h\u00e9misph\u00e9riques avec les \u00c9tats-Unis \u00bb. Le secr\u00e9taire g\u00e9n\u00e9ral de l\u2019Organisation des \u00c9tats am\u00e9ricains (OEA), Jos\u00e9 Miguel Insulza, a estim\u00e9 que les deux parties avaient fait preuve d\u2019une \u00ab remarquable grandeur d\u2019\u00e2me \u00bb et a exhort\u00e9 le Congr\u00e8s am\u00e9ricain \u00e0 \u00ab prendre les mesures l\u00e9gislatives n\u00e9cessaires pour lever l\u2019embargo contre Cuba \u00bb. Le pr\u00e9sident du Panama, Juan Carlos Varela, a esp\u00e9r\u00e9 que cela permettrait d\u2019accomplir le \u00ab r\u00eave \u00bb d\u2019une \u00ab r\u00e9gion unie \u00bb lors du septi\u00e8me Sommet des Am\u00e9riques, que son pays accueillera en avril 2015. Cuba (qui refusait jusque-l\u00e0 de rejoindre l\u2019OEA, malgr\u00e9 l\u2019invitation officielle qui lui avait \u00e9t\u00e9 faite en juin 2009) a d\u00e9j\u00e0 confirm\u00e9 sa participation au sommet, et Obama a annonc\u00e9 qu\u2019il serait pr\u00e9sent les 10 et 11 avril avec ses pairs du reste du continent.<\/p>\n\n\n\n<p class=\"has-text-align-left\">A l\u2019unisson de toutes les Am\u00e9riques, Barack Obama a d\u00e9clar\u00e9 en espagnol lors de son \u00ab\u00a0show\u00a0\u00bb t\u00e9l\u00e9vis\u00e9 du 17 d\u00e9cembre : \u00ab Nous sommes tous am\u00e9ricains \u00bb, inscrivant subrepticement le r\u00e9tablissement progressif des relations diplomatiques avec Cuba dans la ligne du pr\u00e9sident d\u00e9mocrate Monroe qui, en 1823, d\u00e9clarait \u00e0 l\u2019encontre des pr\u00e9tentions europ\u00e9ennes sur l\u2019h\u00e9misph\u00e8re \u00ab l\u2019Am\u00e9rique aux Am\u00e9ricains \u00bb. Insistant sur la question de l\u2019embargo \u00e9conomique, Barack Obama a analys\u00e9 comme un \u00e9chec la politique cubaine de son pays au cours des cinquante derni\u00e8res ann\u00e9es<sup data-fn=\"noria-2669\" class=\"fn\"><a id=\"noria-2669-link\" href=\"#noria-2669\">1<\/a><\/sup> . Alors que la rupture des relations avec Cuba et l\u2019embargo impos\u00e9 \u00e0 l\u2019\u00eele depuis 1962 visait \u00e0 faire pression en faveur d\u2019une ouverture politique et \u00e9conomique, le pr\u00e9sident des \u00c9tats-Unis a observ\u00e9 que cette strat\u00e9gie avait \u00e9t\u00e9 contre-productive, contribuant \u00e0 la poursuite de la politique et de l\u2019\u00e9conomie autoritaires \u00e0 Cuba.<\/p>\n\n\n\n<p class=\"has-text-align-left\">Certes, l\u2019embargo a contribu\u00e9 \u00e0 nourrir l\u2019argumentation castriste selon laquelle les difficult\u00e9s de l\u2019\u00e9conomie cubaine venaient de cette attaque permanente des \u00c9tats-Unis et non de l\u2019inefficience d\u2019une \u00e9conomie \u00e9tatis\u00e9e \u00e0 la sovi\u00e9tique et de l\u2019incurie des dirigeants cubains. Toutefois, il n\u2019est pas du tout certain que la lev\u00e9e de l\u2019embargo (si tant est que le Congr\u00e8s \u00e0 majorit\u00e9 r\u00e9publicaine en vote le principe) permette un redressement spectaculaire de l\u2019\u00e9conomie cubaine, et moins encore une lib\u00e9ralisation politique du r\u00e9gime autoritaire communiste. D\u2019ailleurs, d\u00e8s fin d\u00e9cembre une nouvelle vague d\u2019arrestations de dissidents a bien marqu\u00e9 la d\u00e9termination du r\u00e9gime castriste \u00e0 maintenir sa dictature politique.<\/p>\n\n\n\n<figure class=\"wp-block-image aligncenter size-full\"><img loading=\"lazy\" decoding=\"async\" width=\"400\" height=\"257\" src=\"https:\/\/noria-research.com\/mxac2\/wp-content\/uploads\/2015\/04\/light-CUBA_SALUDES_PHOTO_ESPERANZA-1-2.jpg\" alt=\"\" class=\"wp-image-13643\" srcset=\"https:\/\/noria-research.com\/mxac\/wp-content\/uploads\/2015\/04\/light-CUBA_SALUDES_PHOTO_ESPERANZA-1-2.jpg 400w, https:\/\/noria-research.com\/mxac\/wp-content\/uploads\/2015\/04\/light-CUBA_SALUDES_PHOTO_ESPERANZA-1-2-300x193.jpg 300w\" sizes=\"auto, (max-width: 400px) 100vw, 400px\" \/><figcaption class=\"wp-element-caption\">&#8220;Personne ne nous enl\u00e8vera l&#8217;esp\u00e9rance&#8221; &#8211; Omar Rodriguez Saludes\u00a9<\/figcaption><\/figure>\n\n\n\n<h2 class=\"wp-block-heading\">Une normalisation largement ax\u00e9e sur les relations \u00e9conomiques\u2026<\/h2>\n\n\n\n<p class=\"has-text-align-left\">Ainsi, le 30 d\u00e9cembre 2014, deux semaines seulement apr\u00e8s l&#8217;annonce de la future normalisation des relations entre les \u00c9tats-Unis et Cuba, la police politique cubaine a arr\u00eat\u00e9 ou assign\u00e9 \u00e0 r\u00e9sidence plusieurs personnalit\u00e9s du monde culturel, pour emp\u00eacher une manifestation \u00e9videmment non autoris\u00e9e. La blogueuse Yoani Sanchez a annonc\u00e9 sur Internet qu&#8217;elle \u00e9tait retenue \u00e0 son domicile par des agents et que son \u00e9poux, Reinaldo Escobar, avait \u00e9t\u00e9 interpell\u00e9 en bas de leur immeuble en compagnie du dissident Eliecer Avila. Elle a pu aussi faire conna\u00eetre l\u2019arrestation de plusieurs opposants et notamment de l\u2019artiste Tania Bruguera. Cette derni\u00e8re avait en effet pr\u00e9vu d\u2019organiser une performance artistique sur la place de la R\u00e9volution \u00e0 La Havane, pr\u00e8s du si\u00e8ge du gouvernement, certes sans avoir obtenu les autorisations n\u00e9cessaires (lesquelles ne sont jamais d\u00e9livr\u00e9es au demeurant dans ce type de cas). L\u2019artiste avait envisag\u00e9 de fa\u00e7on provocatrice d&#8217;ouvrir sur la place une tribune libre sur laquelle des citoyens de la rue pourraient s&#8217;exprimer bri\u00e8vement sur \u00ab des th\u00e8mes qui les pr\u00e9occupent \u00bb.<\/p>\n\n\n\n<p class=\"has-text-align-left\">Cela n\u2019emp\u00eacha nullement les d\u00e9l\u00e9gations \u00e9tatsunienne et cubaine de se r\u00e9unir \u00e0 La Havane les 21 et 22 janvier pour tracer une feuille de route dans la perspective de r\u00e9tablir des relations diplomatiques bilat\u00e9rales, dont la premi\u00e8re \u00e9tape consistera dans la r\u00e9ouverture r\u00e9ciproque d\u2019une ambassade dans chacun des deux pays. La deuxi\u00e8me ronde de ces n\u00e9gociations formelles qui s\u2019est tenue le 27 f\u00e9vrier 2015 \u00e0 Washington a d\u00e9bouch\u00e9 essentiellement sur la d\u00e9cision d\u2019ouvrir une Ambassade des Etats-Unis \u00e0 Cuba avant le Sommet des Am\u00e9rique d\u2019avril prochain. Et dans la continuit\u00e9, d\u00e8s le 18 f\u00e9vrier 2015, le ministre cubain des affaires \u00e9trang\u00e8res, Bruno Rodr\u00edguez, recevait en visite officielle une d\u00e9l\u00e9gation de congressistes de la Chambre des Repr\u00e9sentants des Etats-Unis, dirig\u00e9e par la d\u00e9mocrate Nancy Pelosi dont l\u2019objectif affich\u00e9 \u00e9tait de faire avancer ce fameux r\u00e9tablissement des relations diplomatiques entre les deux pays. A \u00e9galement particip\u00e9 \u00e0 cette r\u00e9union, Josefina Vidal, directrice g\u00e9n\u00e9rale pour les affaires \u00e9tatsuniennes du minist\u00e8re des relations ext\u00e9rieures de Cuba&nbsp;; c\u2019est elle qui pr\u00e9sidera, pour la partie cubaine, la rencontre du 27 f\u00e9vrier \u00e0 Washington.<\/p>\n\n\n\n<p class=\"has-text-align-left\">Peu d\u2019informations ont filtr\u00e9 de cette r\u00e9union \u00e0 huis clos sinon que la d\u00e9l\u00e9gation \u00ab\u00a0travaillera pour avancer dans les relations entre les \u00c9tats-Unis et Cuba en se basant sur le travail r\u00e9alis\u00e9 par de nombreux membres du Congr\u00e8s durant de longues ann\u00e9es en particulier en ce qui concerne l\u2019agriculture et le commerce\u00a0\u00bb<sup data-fn=\"noria-7356\" class=\"fn\"><a id=\"noria-7356-link\" href=\"#noria-7356\">2<\/a><\/sup>. Manifestement, les questions \u00e9conomiques sont au c\u0153ur de ces rencontres bien davantage que les questions politiques et de respect des droits de l\u2019Homme, contrairement aux affirmations de la \u00a0secr\u00e9taire d\u2019\u00c9tat adjointe pour l\u2019H\u00e9misph\u00e8re occidental, Roberta Jacobson, qui soulignait en janvier que les n\u00e9gociations seraient un processus long et complexe compte tenu des \u00ab\u00a0profondes diff\u00e9rences\u00a0\u00bb bilat\u00e9rales.<a style=\"color: #000000;\" href=\"https:\/\/www.noria-research.com\/wp-content\/uploads\/2015\/04\/light-CUBA_SALUDES_SE_VENDE.jpg\"><br><\/a><\/p>\n\n\n\n<figure class=\"wp-block-image aligncenter\"><img loading=\"lazy\" decoding=\"async\" width=\"400\" height=\"595\" src=\"https:\/\/noria-research.com\/wp-content\/uploads\/2015\/04\/light-CUBA_SALUDES_SE_VENDE-2.jpg\" alt=\"\" class=\"wp-image-13644\" srcset=\"https:\/\/noria-research.com\/mxac\/wp-content\/uploads\/2015\/04\/light-CUBA_SALUDES_SE_VENDE-2.jpg 400w, https:\/\/noria-research.com\/mxac\/wp-content\/uploads\/2015\/04\/light-CUBA_SALUDES_SE_VENDE-2-336x500.jpg 336w, https:\/\/noria-research.com\/mxac\/wp-content\/uploads\/2015\/04\/light-CUBA_SALUDES_SE_VENDE-2-202x300.jpg 202w\" sizes=\"auto, (max-width: 400px) 100vw, 400px\" \/><\/figure>\n\n\n\n<p class=\"has-text-align-center\"><br>&#8220;Tout doit dispara\u00eetre&#8221; &#8211; Omar Rodriguez Saludes\u00a9<\/p>\n\n\n\n<h2 class=\"wp-block-heading\">\u2026 au d\u00e9triment de dossiers politiques absents des n\u00e9gociations.<\/h2>\n\n\n\n<p class=\"has-text-align-left\">D\u2019apr\u00e8s la n\u00e9gociatrice cubaine Josefina Vidal, ces questions politiques n\u2019ont pas \u00e9t\u00e9 abord\u00e9es lors des conversations des 21 et 22 janvier <sup data-fn=\"noria-8709\" class=\"fn\"><a id=\"noria-8709-link\" href=\"#noria-8709\">3<\/a><\/sup> . Les divergences sur le mod\u00e8le \u00e9conomique sont en effet probablement plus pr\u00e9occupantes pour les Nord-Am\u00e9ricains que les atteintes aux libert\u00e9s individuelles et publiques puisqu\u2019il semblerait que les r\u00e9centes arrestations arbitraires n\u2019aient pas plus \u00e9t\u00e9 \u00e9voqu\u00e9es en janvier qu\u2019en f\u00e9vrier. A l\u2019appui de cette hypoth\u00e8se de la pr\u00e9f\u00e9rence \u00e9conomique, on notera d\u2019une part, que le seul acteur de la \u00ab\u00a0soci\u00e9t\u00e9 civile\u00a0\u00bb rencontr\u00e9 par la d\u00e9l\u00e9gation nord-am\u00e9ricaine des parlementaires d\u00e9mocrates en f\u00e9vrier aura \u00e9t\u00e9 le cardinal Jaime Ortega. D\u2019autre part, l\u2019arriv\u00e9e de cette d\u00e9l\u00e9gation a co\u00efncid\u00e9 avec la visite d\u2019un autre groupe nord-am\u00e9ricain, compos\u00e9 de trois s\u00e9nateurs cette fois, \u00e9galement d\u00e9mocrates et explicitement l\u00e0 pour explorer les possibilit\u00e9s de relations commerciales avec l\u2019\u00eele. Les s\u00e9nateurs ont en particulier remarqu\u00e9 les opportunit\u00e9s dans les secteurs de l\u2019agriculture et du tourisme et ont soulign\u00e9 \u00ab\u00a0l\u2019esprit entrepreneurial\u00a0\u00bb du secteur priv\u00e9 cubain<sup data-fn=\"noria-9779\" class=\"fn\"><a id=\"noria-9779-link\" href=\"#noria-9779\">4<\/a><\/sup> .<\/p>\n\n\n\n<p class=\"has-text-align-left\">Les cons\u00e9quences \u00e9conomiques de la lev\u00e9e de l\u2019embargo seraient en effet importantes&nbsp;: en premier lieu &nbsp;pour les capitaux nord-am\u00e9ricains qui pourraient \u00eatre investis dans tous les secteurs, comme ils le furent au Vietnam apr\u00e8s la normalisation des relations entre les deux pays, tandis que les Europ\u00e9ens \u00e9taient tenus en lisi\u00e8re&nbsp;; en second lieu pour les Cubains en second lieu, qui verraient sans doute leurs conditions mat\u00e9rielles s\u2019am\u00e9liorer au quotidien. D\u2019autant que l\u2019accord entre les \u00c9tats-Unis et Cuba survient au moment o\u00f9 l\u2019\u00e9conomie du Venezuela, qui maintenait Cuba sous perfusion, est dans une situation elle-m\u00eame catastrophique du fait de la gestion chaviste et de la baisse des prix du p\u00e9trole. Si les \u00c9tats-Unis se substituaient au Venezuela, dont les transferts de fonds actuels s\u2019\u00e9l\u00e8vent \u00e0 4 \u00e0 5 milliards de dollars par an, Cuba verrait ces flux financiers augmenter fortement au b\u00e9n\u00e9fice des fonctionnaires du r\u00e9gime.<\/p>\n\n\n\n<p class=\"has-text-align-left\">Rappelons que le d\u00e9mant\u00e8lement du bloc de l\u2019est \u00e0 partir de 1989 et la chute de l\u2019Union sovi\u00e9tique en 1991 a eu des cons\u00e9quences d\u2019une extr\u00eame gravit\u00e9 pour Cuba. En quelques mois, l\u2019\u00eele avait perdu la majeure partie de ses partenaires commerciaux et l\u2019ensemble de son syst\u00e8me de production \u00e9tait remis en question. Par ailleurs, le prix du sucre s\u2019\u00e9tait \u00e9croul\u00e9 sur le march\u00e9 mondial. Le commerce ext\u00e9rieur avait alors diminu\u00e9 &nbsp;en volume de 75% par rapport \u00e0 l\u2019\u00e9poque des \u00e9changes avec l\u2019URSS, et en 1991 le PIB chuta de 35%&nbsp;; le pouvoir d\u2019achat de la population d\u2019environ 50%. La \u00ab R\u00e9volution cubaine \u00bb entrait dans une crise profonde. En 1992, Fidel Castro d\u00e9cr\u00e8ta donc \u00ab&nbsp;la P\u00e9riode Sp\u00e9ciale en temps de paix&nbsp;\u00bb. C\u2019est alors que les \u00c9tats-Unis opt\u00e8rent pour la strat\u00e9gie du coup de gr\u00e2ce et renforc\u00e8rent le blocus : avec la loi Toricelli en 1992 puis la loi Helms-Burton en 1996, qui transformaient l\u2019embargo nord-am\u00e9ricain en blocus mondial par la menace des sanctions que faisaient peser les \u00c9tats-Unis sur les pays tiers susceptibles de commercer avec Cuba.<\/p>\n\n\n\n<p class=\"has-text-align-left\">Durant l\u2019\u00e9t\u00e9 1994, la crise \u00e9conomique atteint son sommet \u00e0 Cuba. La valeur de la monnaie nationale est devenue intenable par rapport au dollar, les conditions de vie du Cubain moyen ont \u00e9volu\u00e9 de fa\u00e7on souvent dramatique. En ao\u00fbt, plusieurs bateaux sont d\u00e9tourn\u00e9s \u00e0 La Havane vers les \u00c9tats-Unis et les pirates sont accueillis comme des h\u00e9ros \u00e0 Miami par les exil\u00e9s cubains anticastristes. Trente mille Cubains partent sur des radeaux vers les c\u00f4tes \u00e9tatsuniennes, conduisant le pr\u00e9sident Clinton \u00e0 fermer les fronti\u00e8res face \u00e0 l\u2019afflux de<em>&nbsp;balseros<\/em>,<em>&nbsp;<\/em>qui seront alors d\u00e9port\u00e9s \u00e0 Guant\u00e1namo, base militaire des \u00c9tats-Unis \u00e0 Cuba.<\/p>\n\n\n\n<p class=\"has-text-align-left\">Il faudra attendre le d\u00e9but des ann\u00e9es 2000 et sans doute la bouff\u00e9e d\u2019oxyg\u00e8ne v\u00e9n\u00e9zu\u00e9lienne pour qu\u2019un nouveau revirement de politique des \u00c9tats-Unis intervienne finalement, autorisant d\u2019une part les transferts d\u2019argent des particuliers r\u00e9sidant aux \u00c9tats-Unis vers leurs proches \u00e0 Cuba et ouvrant d\u2019autre part le commerce des produits alimentaires et pharmaceutiques vers l\u2019\u00eele. Les \u00c9tats-Unis deviennent alors les premiers fournisseurs de produits alimentaires de Cuba, y assurant entre 35% et 45&nbsp;% des importations de nourriture.<\/p>\n\n\n\n<figure class=\"wp-block-image aligncenter\"><a href=\"https:\/\/www.noria-research.com\/wp-content\/uploads\/2015\/04\/light-foto-110.jpg\"><img loading=\"lazy\" decoding=\"async\" width=\"400\" height=\"267\" src=\"https:\/\/noria-research.com\/wp-content\/uploads\/2015\/04\/light-foto-110-2.jpg\" alt=\"\" class=\"wp-image-13645\" srcset=\"https:\/\/noria-research.com\/mxac\/wp-content\/uploads\/2015\/04\/light-foto-110-2.jpg 400w, https:\/\/noria-research.com\/mxac\/wp-content\/uploads\/2015\/04\/light-foto-110-2-300x200.jpg 300w\" sizes=\"auto, (max-width: 400px) 100vw, 400px\" \/><\/a><\/figure>\n\n\n\n<p class=\"has-text-align-center\">\u00a9 &#8220;Amnistie pour les prisonniers politiques cubains&#8221; &#8211; Omar Rodriguez Saludes<\/p>\n\n\n\n<h2 class=\"wp-block-heading\">D\u2019un protecteur \u00e0 l\u2019autre&nbsp;?<\/h2>\n\n\n\n<p class=\"has-text-align-left\">Au demeurant, les liens entre Cuba et le Venezuela restent solides&nbsp;: en d\u00e9pit des al\u00e9as \u00e9conomiques, l\u2019accord id\u00e9ologique et strat\u00e9gique sur l\u2019autoritarisme politique est de plus en plus fort comme le montre l\u2019intensification continue de la r\u00e9pression politique au Venezuela depuis l\u2019\u00e9lection de Maduro. Ainsi, lors de la visite de Nicol\u00e1s Maduro \u00e0 Cuba le 21 f\u00e9vrier 2015, le pr\u00e9sident v\u00e9n\u00e9zu\u00e9lien qui s\u2019est entretenu avec les deux fr\u00e8res Castro a pu appr\u00e9cier que le r\u00e9gime cubain exprimait une fois encore \u00ab&nbsp;sa solidarit\u00e9 immuable&nbsp;\u00bb avec le Venezuela et son pr\u00e9sident Maduro. Ont \u00e9t\u00e9 rappel\u00e9s les liens \u00e9conomiques et politiques que les deux pays entretiennent depuis 2000, \u00e9poque o\u00f9 fut pass\u00e9 un accord global qui incluait notamment une clause \u00e9nerg\u00e9tique stipulant la livraison \u00e0 Cuba de 100.000 barils de p\u00e9trole par jour.<\/p>\n\n\n\n<p class=\"has-text-align-left\">Les dirigeants cubains ont \u00e9galement affirm\u00e9 leur rejet total des d\u00e9clarations et actions des \u00c9tats-Unis et de l\u2019OEA qui \u00ab\u00a0alimentent et promeuvent la subversion interne\u00a0\u00bb \u00e0 l\u2019encontre de ce pays fr\u00e8re sud-am\u00e9ricain. Ils ont ainsi soutenu la th\u00e8se d\u2019un complot de l\u2019opposition contre le pr\u00e9sident l\u00e9gitime Maduro et celle de la tentative de coup d\u2019\u00c9tat, des plans d\u2019attentats et des conspirations ourdies gr\u00e2ce aux \u00ab\u00a0ing\u00e9rences \u00e9trang\u00e8res\u00a0\u00bb contre \u00ab\u00a0la souverainet\u00e9, l\u2019ind\u00e9pendance et la libre d\u00e9termination du peuple v\u00e9n\u00e9zu\u00e9lien\u00a0en faveur de la R\u00e9volution bolivarienne \u00bb<sup data-fn=\"noria-15525\" class=\"fn\"><a id=\"noria-15525-link\" href=\"#noria-15525\">5<\/a><\/sup> .<\/p>\n\n\n\n<p class=\"has-text-align-left\">Cuba ne peut en effet pas l\u00e2cher la proie pour l\u2019ombre. Car l\u2019ach\u00e8vement de la nouvelle politique promue par Obama risque de se heurter au vote du Congr\u00e8s am\u00e9ricain, d\u00e9sormais \u00e0 majorit\u00e9 r\u00e9publicaine. On conna\u00eet les fortes r\u00e9ticences de la part d\u2019une grande partie des r\u00e9publicains, partisans r\u00e9solus de la <em>mano dura<\/em> (\u00ab main dure \u00bb) comme on dit en Am\u00e9rique latine. Ainsi Jeb Bush a-t-il aussit\u00f4t d\u00e9clar\u00e9 que les \u00ab b\u00e9n\u00e9ficiaires \u00bb de cette d\u00e9cision seraient les \u00ab abjects fr\u00e8res Castro, qui ont opprim\u00e9 le peuple cubain depuis des d\u00e9cennies \u00bb. Quant \u00e0 John Boehner, pr\u00e9sident de la Chambre des repr\u00e9sentants, il estime que ces mesures visant \u00e0 lever certaines des restrictions sur l\u2019\u00eele sont de nouvelles \u00ab concessions \u00e0 la dictature insens\u00e9e qui maltraite son peuple et revient \u00e0 conspirer avec les ennemis \u00bb<sup data-fn=\"noria-16671\" class=\"fn\"><a id=\"noria-16671-link\" href=\"#noria-16671\">6<\/a><\/sup><\/p>\n\n\n\n<p class=\"has-text-align-left\">Cette opposition farouche se trouve relay\u00e9e par des figures de l\u2019anticastrisme comme le s\u00e9nateur de Floride d\u2019origine cubaine Marco Rubio, qui a promis de faire \u00ab tout son possible \u00bb pour bloquer l\u2019action du pr\u00e9sident au Congr\u00e8s. L\u2019\u00e9lue cubano-am\u00e9ricaine de Floride, Ileana Ros-Lehtinen, a consid\u00e9r\u00e9 pour sa part que \u00ab l\u2019action erron\u00e9e du pr\u00e9sident Obama [\u2026] est un autre coup de propagande pour les fr\u00e8res Castro qui remplissent d\u00e9sormais leurs coffres avec plus d\u2019argent, au d\u00e9triment du peuple cubain \u00bb. Toutefois, Obama trouvera peut-\u00eatre une majorit\u00e9 au Congr\u00e8s en faveur de sa nouvelle politique car, outre le soutien sans faille de John Kerry et du chef de la majorit\u00e9 d\u00e9mocrate du S\u00e9nat, Harry Reid, ainsi que des s\u00e9nateurs Dick Durbin et Jim McGovern, un sondage r\u00e9alis\u00e9 en f\u00e9vrier 2015 r\u00e9v\u00e8le que 56% des Am\u00e9ricains se d\u00e9clarent d\u00e9sormais en faveur d\u2019une normalisation croissante des relations avec Cuba et que leur opinion sur Cuba n\u2019a jamais \u00e9t\u00e9 aussi bonne depuis 20 ans<sup data-fn=\"noria-17974\" class=\"fn\"><a id=\"noria-17974-link\" href=\"#noria-17974\">7<\/a><\/sup> . Surtout, les milieux d\u2019affaires y sont tr\u00e8s favorables, pourrait-on ajouter.<\/p>\n\n\n\n<p class=\"has-text-align-left\">Pourtant, cette lev\u00e9e de l\u2019embargo ne constituerait-elle pas finalement une d\u00e9faite de la d\u00e9mocratie au profit de b\u00e9n\u00e9fices \u00e9conomiques d\u2019abord pour les \u00c9tats-Unis&nbsp;et uniquement collat\u00e9ralement pour la population cubaine \u2013 voire m\u00eame seulement \u00e0 une partie de celle-ci ? Symboliquement, lever l\u2019embargo revient \u00e0 reconna\u00eetre la l\u00e9gitimit\u00e9 du syst\u00e8me \u00e9conomique \u00e9tatis\u00e9 cubain qui, par le pass\u00e9, a d\u00e9poss\u00e9d\u00e9 tous les propri\u00e9taires d\u2019entreprises priv\u00e9es sur l\u2019\u00eele, \u00e9trangers et cubains. Mais si le r\u00e9gime revient aujourd\u2019hui sur le bien-fond\u00e9 de cette politique et adopte comme le font les Chinois un capitalisme revendiqu\u00e9, on pourrait exclure d\u00e9sormais cet argument qui constitue une des bases des opposants \u00e0 la lev\u00e9e de l\u2019embargo. Toutefois, l\u2019exemple chinois, si tant est qu\u2019il soit adopt\u00e9 \u00e0 Cuba (ce qui n\u2019est pas avou\u00e9 actuellement), est \u00e0 la fois un mod\u00e8le \u00e9conomique capitaliste extr\u00eamement agressif et in\u00e9galitaire et un mod\u00e8le politique qui demeure celui d\u2019une dictature fort peu encline \u00e0 toute forme de lib\u00e9ralisation politique comme le montre notamment la reprise en mains de Hong Kong.<\/p>\n\n\n\n<p class=\"has-text-align-left\">Qu\u2019il y ait ou non lev\u00e9e de l\u2019embargo, les Cubains risquent d\u2019avoir \u00e0 r\u00e9sister encore longtemps contre un r\u00e9gime liberticide et peu performant sur le plan \u00e9conomique. Le film <em>Retour \u00e0 Ithaque<\/em> de Laurent&nbsp;Cantet (sorti en 2014 avec notamment Isabel Santos, Jorge Perugorr\u00eda, Fernando Hechevarria, Nestor Jimenez) propose une vision tr\u00e8s r\u00e9ussie de l\u2019impasse cubaine. Un excellent film \u00e0 la fois intelligent, subtil, nostalgique et tr\u00e8s fin politiquement. Toute l\u2019horreur des r\u00e9gimes staliniens et tout le charme de la grande \u00eele douce et dure&nbsp;; et de la Havane en particulier, vivante et d\u00e9cr\u00e9pie.<\/p>\n\n\n\n<p class=\"has-text-align-left\">Un petit groupe de vieux amis de jeunesse se retrouve aujourd\u2019hui, \u00e0 l\u2019occasion du retour de l\u2019un d\u2019eux, parti vivre \u00e0 Madrid dans les ann\u00e9es 90. A cette \u00e9poque dite \u201cp\u00e9riode sp\u00e9ciale \u201d la vie est devenue encore plus difficile \u00e0 Cuba. C\u2019est le moment aussi de l\u2019\u00e9chec d\u2019une tentative de d\u00e9stabilisation du r\u00e9gime par des gorbatch\u00e9viens qui le payeront de leur vie. Le g\u00e9n\u00e9ral Arnaldo Ochoa Sanchez et son aide de camp Jorge Martinez Valdes, Antonio de la Guardia et Amado Padron, seront condamn\u00e9s \u00e0 mort et ex\u00e9cut\u00e9s tandis que de lourdes peines de prison seront inflig\u00e9es \u00e0 dix autres complices dont le ministre de l&#8217;int\u00e9rieur Jos\u00e9 Abrantes (condamn\u00e9 \u00e0 20 ans de prison et mort en prison d&#8217;un infarctus en 1991). Le proc\u00e8s avait \u00e9t\u00e9 retransmis en direct devant les cam\u00e9ras de t\u00e9l\u00e9vision dans le plus pur style des purges staliniennes. Compar\u00e9e \u00e0 cette p\u00e9riode, leur jeunesse communiste plonge les amis retrouv\u00e9s dans une nostalgie fac\u00e9tieuse et riche en gros mots typiquement cubains. Mais la discussion, puis la dispute et enfin la r\u00e9conciliation se feront autour de la question du d\u00e9part et aussi de celle du retour \u00e0 Cuba. Car s\u2019ils sont tous lucides et critiques, ils demeurent des Cubains et des gens de gauche, sans complaisance ni pour le r\u00e9gime castriste ni pour le monde capitaliste d\u2019aujourd\u2019hui, d\u00e9senchant\u00e9 et vain.<\/p>\n\n\n\n<h2 class=\"wp-block-heading\">Notes<\/h2>\n\n\n<ol class=\"wp-block-footnotes\"><li id=\"noria-2669\"> \u00abWe will end an outdated approach that, for decades, has failed \u00bb.\u00a0 Voir le texte de son intervention sur le <a style=\"color: #000000;\" href=\"http:\/\/www.whitehouse.gov\/the-press-office\/2014\/12\/17\/statement-president-cuba-policy-changes\" target=\"_blank\" rel=\"noopener noreferrer\">site<\/a>  <a href=\"#noria-2669-link\" aria-label=\"Jump to footnote reference 1\">\u21a9\ufe0e<\/a><\/li><li id=\"noria-7356\"> Voir\u00a0 <em><a style=\"color: #000000;\" href=\"http:\/\/www.infolatam.com\/2015\/02\/19\/congresistas-de-ee-uu-sereunen-con-cardenal-ortega-y-diputados-cubanos\/\" target=\"_blank\" rel=\"noopener noreferrer\">Infolatam<\/a><\/em><em>\u00a0<\/em>  <a href=\"#noria-7356-link\" aria-label=\"Jump to footnote reference 2\">\u21a9\ufe0e<\/a><\/li><li id=\"noria-8709\"> Ibidem.<em>\u00a0<\/em>  <a href=\"#noria-8709-link\" aria-label=\"Jump to footnote reference 3\">\u21a9\ufe0e<\/a><\/li><li id=\"noria-9779\"> Voir <a style=\"color: #000000;\" href=\"http:\/\/www.infolatam.com\/2015\/02\/17\/senadores-de-eeuu-destacanespiritu-emprendedor-del-sector-privado-de-cuba\/\" target=\"_blank\" rel=\"noopener noreferrer\"><em>Infolatam<\/em><\/a><em>\u00a0<\/em>  <a href=\"#noria-9779-link\" aria-label=\"Jump to footnote reference 4\">\u21a9\ufe0e<\/a><\/li><li id=\"noria-15525\"> Voir <em><a style=\"color: #000000;\" href=\"http:\/\/www.infolatam.com\/2015\/02\/21\/cuba-se-solidariza-con-maduro-tras-reunirse-en-la-habana-con-fidel-y-raul-castro-el-martes\/\" target=\"_blank\" rel=\"noopener noreferrer\"> Infolatam<\/a><\/em>  <a href=\"#noria-15525-link\" aria-label=\"Jump to footnote reference 5\">\u21a9\ufe0e<\/a><\/li><li id=\"noria-16671\"> Voir <em> <a style=\"color: #000000;\" href=\"http:\/\/www.huffingtonpost.fr\/2014\/12\/18\/etats-unis-cuba-congres-desapprouve-le-rapprochement_n_6345676.html\" target=\"_blank\" rel=\"noopener noreferrer\">Huffington Post.<\/a> <\/em>  <a href=\"#noria-16671-link\" aria-label=\"Jump to footnote reference 6\">\u21a9\ufe0e<\/a><\/li><li id=\"noria-17974\"> Voir<a style=\"color: #000000;\" href=\"http:\/\/www.infolatam.com\/2015\/02\/19\/estadounidenses-tienen-lamejor-opinion-sobre-cuba-en-20-anos-segun-encuesta\/\" target=\"_blank\" rel=\"noopener noreferrer\"> <em> Infolatam<\/em><\/a>  <a href=\"#noria-17974-link\" aria-label=\"Jump to footnote reference 7\">\u21a9\ufe0e<\/a><\/li><\/ol>","protected":false},"excerpt":{"rendered":"<p>Depuis le 17 d\u00e9cembre 2014 et l\u2019annonce tr\u00e8s m\u00e9diatique simultan\u00e9e de Barack Obama et de Raul Castro d\u2019une reprise des relations entre leurs deux pays, les d\u00e9l\u00e9gations nord-am\u00e9ricaines se succ\u00e8dent \u00e0 Cuba et les n\u00e9gociations s\u2019organisent. En effet, apr\u00e8s la poign\u00e9e de mains entre les deux pr\u00e9sidents aux obs\u00e8ques de Nelson Mandela en 2013, on [&hellip;]<\/p>\n","protected":false},"author":30,"featured_media":12977,"comment_status":"open","ping_status":"open","sticky":false,"template":"","format":"standard","meta":{"_molongui_author":["user-30"],"footnotes":"[{\"content\":\" \u00abWe will end an outdated approach that, for decades, has failed \u00bb.\u00a0 Voir le texte de son intervention sur le <a style=\\\"color: #000000;\\\" href=\\\"http:\/\/www.whitehouse.gov\/the-press-office\/2014\/12\/17\/statement-president-cuba-policy-changes\\\" target=\\\"_blank\\\" rel=\\\"noopener noreferrer\\\">site<\/a> \",\"id\":\"noria-2669\"},{\"content\":\" Voir\u00a0 <em><a style=\\\"color: #000000;\\\" href=\\\"http:\/\/www.infolatam.com\/2015\/02\/19\/congresistas-de-ee-uu-sereunen-con-cardenal-ortega-y-diputados-cubanos\/\\\" target=\\\"_blank\\\" rel=\\\"noopener noreferrer\\\">Infolatam<\/a><\/em><em>\u00a0<\/em> \",\"id\":\"noria-7356\"},{\"content\":\" Ibidem.<em>\u00a0<\/em> \",\"id\":\"noria-8709\"},{\"content\":\" Voir <a style=\\\"color: #000000;\\\" href=\\\"http:\/\/www.infolatam.com\/2015\/02\/17\/senadores-de-eeuu-destacanespiritu-emprendedor-del-sector-privado-de-cuba\/\\\" target=\\\"_blank\\\" rel=\\\"noopener noreferrer\\\"><em>Infolatam<\/em><\/a><em>\u00a0<\/em> \",\"id\":\"noria-9779\"},{\"content\":\" Voir <em><a style=\\\"color: #000000;\\\" href=\\\"http:\/\/www.infolatam.com\/2015\/02\/21\/cuba-se-solidariza-con-maduro-tras-reunirse-en-la-habana-con-fidel-y-raul-castro-el-martes\/\\\" target=\\\"_blank\\\" rel=\\\"noopener noreferrer\\\"> Infolatam<\/a><\/em> \",\"id\":\"noria-15525\"},{\"content\":\" Voir <em> <a style=\\\"color: #000000;\\\" href=\\\"http:\/\/www.huffingtonpost.fr\/2014\/12\/18\/etats-unis-cuba-congres-desapprouve-le-rapprochement_n_6345676.html\\\" target=\\\"_blank\\\" rel=\\\"noopener noreferrer\\\">Huffington Post.<\/a> <\/em> \",\"id\":\"noria-16671\"},{\"content\":\" Voir<a style=\\\"color: #000000;\\\" href=\\\"http:\/\/www.infolatam.com\/2015\/02\/19\/estadounidenses-tienen-lamejor-opinion-sobre-cuba-en-20-anos-segun-encuesta\/\\\" target=\\\"_blank\\\" rel=\\\"noopener noreferrer\\\"> <em> Infolatam<\/em><\/a> \",\"id\":\"noria-17974\"}]"},"categories":[165],"tags":[121,154,122,155,156],"podcast":[],"project":[],"region":[],"class_list":["post-193","post","type-post","status-publish","format-standard","has-post-thumbnail","hentry","category-article","tag-cuba","tag-diplomatie","tag-embargo","tag-intervention-etrangere","tag-politique-internationale"],"yoast_head":"<!-- This site is optimized with the Yoast SEO plugin v26.0 - https:\/\/yoast.com\/wordpress\/plugins\/seo\/ -->\n<title>Cuba: Lever l&#039;embargo... ou pas - Mexico &amp; Central America<\/title>\n<meta name=\"robots\" content=\"index, follow, max-snippet:-1, max-image-preview:large, max-video-preview:-1\" \/>\n<link rel=\"canonical\" href=\"https:\/\/noria-research.com\/mxac\/fr\/cuba-lever-lembargo-ou-pas\/\" \/>\n<meta property=\"og:locale\" content=\"en_US\" \/>\n<meta property=\"og:type\" content=\"article\" \/>\n<meta property=\"og:title\" content=\"Cuba: Lever l&#039;embargo... ou pas - Mexico &amp; Central America\" \/>\n<meta property=\"og:description\" content=\"Depuis le 17 d\u00e9cembre 2014 et l\u2019annonce tr\u00e8s m\u00e9diatique simultan\u00e9e de Barack Obama et de Raul Castro d\u2019une reprise des relations entre leurs deux pays, les d\u00e9l\u00e9gations nord-am\u00e9ricaines se succ\u00e8dent \u00e0 Cuba et les n\u00e9gociations s\u2019organisent. En effet, apr\u00e8s la poign\u00e9e de mains entre les deux pr\u00e9sidents aux obs\u00e8ques de Nelson Mandela en 2013, on [&hellip;]\" \/>\n<meta property=\"og:url\" content=\"https:\/\/noria-research.com\/mxac\/fr\/cuba-lever-lembargo-ou-pas\/\" \/>\n<meta property=\"og:site_name\" content=\"Mexico &amp; Central America\" \/>\n<meta property=\"article:published_time\" content=\"2015-04-06T21:55:44+00:00\" \/>\n<meta property=\"article:modified_time\" content=\"2023-12-18T16:45:03+00:00\" \/>\n<meta property=\"og:image\" content=\"https:\/\/noria-research.com\/mxac\/wp-content\/uploads\/2015\/04\/light-havana-usa-1-2.png\" \/>\n<meta name=\"author\" content=\"Ren\u00e9e Fregosi\" \/>\n<meta name=\"twitter:card\" content=\"summary_large_image\" \/>\n<meta name=\"twitter:label1\" content=\"Written by\" \/>\n\t<meta name=\"twitter:data1\" content=\"Ren\u00e9e Fregosi\" \/>\n\t<meta name=\"twitter:label2\" content=\"Est. reading time\" \/>\n\t<meta name=\"twitter:data2\" content=\"13 minutes\" \/>\n<script type=\"application\/ld+json\" class=\"yoast-schema-graph\">{\"@context\":\"https:\/\/schema.org\",\"@graph\":[{\"@type\":\"Article\",\"@id\":\"https:\/\/noria-research.com\/mxac\/fr\/cuba-lever-lembargo-ou-pas\/#article\",\"isPartOf\":{\"@id\":\"https:\/\/noria-research.com\/mxac\/fr\/cuba-lever-lembargo-ou-pas\/\"},\"author\":{\"name\":\"Ren\u00e9e Fregosi\",\"@id\":\"https:\/\/noria-research.com\/mxac\/#\/schema\/person\/ee4e6312f6b77018d0260a874f5425ef\"},\"headline\":\"Cuba: Lever l&#8217;embargo&#8230; ou pas\",\"datePublished\":\"2015-04-06T21:55:44+00:00\",\"dateModified\":\"2023-12-18T16:45:03+00:00\",\"mainEntityOfPage\":{\"@id\":\"https:\/\/noria-research.com\/mxac\/fr\/cuba-lever-lembargo-ou-pas\/\"},\"wordCount\":3085,\"commentCount\":0,\"publisher\":{\"@id\":\"https:\/\/noria-research.com\/mxac\/#organization\"},\"image\":{\"@id\":\"https:\/\/noria-research.com\/mxac\/fr\/cuba-lever-lembargo-ou-pas\/#primaryimage\"},\"thumbnailUrl\":\"https:\/\/noria-research.com\/mxac\/wp-content\/uploads\/2015\/04\/light-havana-usa-1-2.png\",\"keywords\":[\"Cuba\",\"Diplomatie\",\"Embargo\",\"Intervention \u00e9trang\u00e8re\",\"Politique internationale\"],\"articleSection\":[\"Article\"],\"inLanguage\":\"en-US\",\"potentialAction\":[{\"@type\":\"CommentAction\",\"name\":\"Comment\",\"target\":[\"https:\/\/noria-research.com\/mxac\/fr\/cuba-lever-lembargo-ou-pas\/#respond\"]}]},{\"@type\":\"WebPage\",\"@id\":\"https:\/\/noria-research.com\/mxac\/fr\/cuba-lever-lembargo-ou-pas\/\",\"url\":\"https:\/\/noria-research.com\/mxac\/fr\/cuba-lever-lembargo-ou-pas\/\",\"name\":\"Cuba: Lever l'embargo... ou pas - Mexico &amp; Central America\",\"isPartOf\":{\"@id\":\"https:\/\/noria-research.com\/mxac\/#website\"},\"primaryImageOfPage\":{\"@id\":\"https:\/\/noria-research.com\/mxac\/fr\/cuba-lever-lembargo-ou-pas\/#primaryimage\"},\"image\":{\"@id\":\"https:\/\/noria-research.com\/mxac\/fr\/cuba-lever-lembargo-ou-pas\/#primaryimage\"},\"thumbnailUrl\":\"https:\/\/noria-research.com\/mxac\/wp-content\/uploads\/2015\/04\/light-havana-usa-1-2.png\",\"datePublished\":\"2015-04-06T21:55:44+00:00\",\"dateModified\":\"2023-12-18T16:45:03+00:00\",\"breadcrumb\":{\"@id\":\"https:\/\/noria-research.com\/mxac\/fr\/cuba-lever-lembargo-ou-pas\/#breadcrumb\"},\"inLanguage\":\"en-US\",\"potentialAction\":[{\"@type\":\"ReadAction\",\"target\":[\"https:\/\/noria-research.com\/mxac\/fr\/cuba-lever-lembargo-ou-pas\/\"]}]},{\"@type\":\"ImageObject\",\"inLanguage\":\"en-US\",\"@id\":\"https:\/\/noria-research.com\/mxac\/fr\/cuba-lever-lembargo-ou-pas\/#primaryimage\",\"url\":\"https:\/\/noria-research.com\/mxac\/wp-content\/uploads\/2015\/04\/light-havana-usa-1-2.png\",\"contentUrl\":\"https:\/\/noria-research.com\/mxac\/wp-content\/uploads\/2015\/04\/light-havana-usa-1-2.png\"},{\"@type\":\"BreadcrumbList\",\"@id\":\"https:\/\/noria-research.com\/mxac\/fr\/cuba-lever-lembargo-ou-pas\/#breadcrumb\",\"itemListElement\":[{\"@type\":\"ListItem\",\"position\":1,\"name\":\"Mexique et Am\u00e9rique Centrale\",\"item\":\"https:\/\/noria-research.com\/mxac\/\"},{\"@type\":\"ListItem\",\"position\":2,\"name\":\"Cuba: Lever l&#8217;embargo&#8230; ou pas\"}]},{\"@type\":\"WebSite\",\"@id\":\"https:\/\/noria-research.com\/mxac\/#website\",\"url\":\"https:\/\/noria-research.com\/mxac\/\",\"name\":\"Mexico &amp; Central America\",\"description\":\"\",\"publisher\":{\"@id\":\"https:\/\/noria-research.com\/mxac\/#organization\"},\"potentialAction\":[{\"@type\":\"SearchAction\",\"target\":{\"@type\":\"EntryPoint\",\"urlTemplate\":\"https:\/\/noria-research.com\/mxac\/?s={search_term_string}\"},\"query-input\":{\"@type\":\"PropertyValueSpecification\",\"valueRequired\":true,\"valueName\":\"search_term_string\"}}],\"inLanguage\":\"en-US\"},{\"@type\":\"Organization\",\"@id\":\"https:\/\/noria-research.com\/mxac\/#organization\",\"name\":\"Mexico &amp; Central America\",\"url\":\"https:\/\/noria-research.com\/mxac\/\",\"logo\":{\"@type\":\"ImageObject\",\"inLanguage\":\"en-US\",\"@id\":\"https:\/\/noria-research.com\/mxac\/#\/schema\/logo\/image\/\",\"url\":\"https:\/\/noria-research.com\/mxac\/wp-content\/uploads\/2024\/12\/Logo-Noria-Mexico-bis-Blanc.svg\",\"contentUrl\":\"https:\/\/noria-research.com\/mxac\/wp-content\/uploads\/2024\/12\/Logo-Noria-Mexico-bis-Blanc.svg\",\"caption\":\"Mexico &amp; Central America\"},\"image\":{\"@id\":\"https:\/\/noria-research.com\/mxac\/#\/schema\/logo\/image\/\"}},{\"@type\":\"Person\",\"@id\":\"https:\/\/noria-research.com\/mxac\/#\/schema\/person\/ee4e6312f6b77018d0260a874f5425ef\",\"name\":\"Ren\u00e9e Fregosi\",\"image\":{\"@type\":\"ImageObject\",\"inLanguage\":\"en-US\",\"@id\":\"https:\/\/noria-research.com\/mxac\/#\/schema\/person\/image\/\",\"url\":\"https:\/\/noria-research.com\/mxac\/wp-content\/uploads\/2023\/12\/noria-user-2.svg\",\"contentUrl\":\"https:\/\/noria-research.com\/mxac\/wp-content\/uploads\/2023\/12\/noria-user-2.svg\",\"caption\":\"Ren\u00e9e Fregosi\"},\"description\":\"Ren\u00e9e Fregosi is a Philosopher and a Senior Research Fellow in Political Science at the Institut des Hautes Etudes de l\u2019Am\u00e9rique Latine (IHEAL), Sorbonne-Nouvelle University in Paris. She is the head of an NGO dealing with democratization, the Centre Europ\u00e9en pour la Coop\u00e9ration Internationale Echanges Culturels (CECIEC).\",\"url\":\"https:\/\/noria-research.com\/mxac\/author\/renee-fregosi\/\"}]}<\/script>\n<!-- \/ Yoast SEO plugin. -->","yoast_head_json":{"title":"Cuba: Lever l'embargo... ou pas - Mexico &amp; Central America","robots":{"index":"index","follow":"follow","max-snippet":"max-snippet:-1","max-image-preview":"max-image-preview:large","max-video-preview":"max-video-preview:-1"},"canonical":"https:\/\/noria-research.com\/mxac\/fr\/cuba-lever-lembargo-ou-pas\/","og_locale":"en_US","og_type":"article","og_title":"Cuba: Lever l'embargo... ou pas - Mexico &amp; Central America","og_description":"Depuis le 17 d\u00e9cembre 2014 et l\u2019annonce tr\u00e8s m\u00e9diatique simultan\u00e9e de Barack Obama et de Raul Castro d\u2019une reprise des relations entre leurs deux pays, les d\u00e9l\u00e9gations nord-am\u00e9ricaines se succ\u00e8dent \u00e0 Cuba et les n\u00e9gociations s\u2019organisent. En effet, apr\u00e8s la poign\u00e9e de mains entre les deux pr\u00e9sidents aux obs\u00e8ques de Nelson Mandela en 2013, on [&hellip;]","og_url":"https:\/\/noria-research.com\/mxac\/fr\/cuba-lever-lembargo-ou-pas\/","og_site_name":"Mexico &amp; Central America","article_published_time":"2015-04-06T21:55:44+00:00","article_modified_time":"2023-12-18T16:45:03+00:00","og_image":[{"url":"https:\/\/noria-research.com\/mxac\/wp-content\/uploads\/2015\/04\/light-havana-usa-1-2.png","type":"","width":"","height":""}],"author":"Ren\u00e9e Fregosi","twitter_card":"summary_large_image","twitter_misc":{"Written by":"Ren\u00e9e Fregosi","Est. reading time":"13 minutes"},"schema":{"@context":"https:\/\/schema.org","@graph":[{"@type":"Article","@id":"https:\/\/noria-research.com\/mxac\/fr\/cuba-lever-lembargo-ou-pas\/#article","isPartOf":{"@id":"https:\/\/noria-research.com\/mxac\/fr\/cuba-lever-lembargo-ou-pas\/"},"author":{"name":"Ren\u00e9e Fregosi","@id":"https:\/\/noria-research.com\/mxac\/#\/schema\/person\/ee4e6312f6b77018d0260a874f5425ef"},"headline":"Cuba: Lever l&#8217;embargo&#8230; ou pas","datePublished":"2015-04-06T21:55:44+00:00","dateModified":"2023-12-18T16:45:03+00:00","mainEntityOfPage":{"@id":"https:\/\/noria-research.com\/mxac\/fr\/cuba-lever-lembargo-ou-pas\/"},"wordCount":3085,"commentCount":0,"publisher":{"@id":"https:\/\/noria-research.com\/mxac\/#organization"},"image":{"@id":"https:\/\/noria-research.com\/mxac\/fr\/cuba-lever-lembargo-ou-pas\/#primaryimage"},"thumbnailUrl":"https:\/\/noria-research.com\/mxac\/wp-content\/uploads\/2015\/04\/light-havana-usa-1-2.png","keywords":["Cuba","Diplomatie","Embargo","Intervention \u00e9trang\u00e8re","Politique internationale"],"articleSection":["Article"],"inLanguage":"en-US","potentialAction":[{"@type":"CommentAction","name":"Comment","target":["https:\/\/noria-research.com\/mxac\/fr\/cuba-lever-lembargo-ou-pas\/#respond"]}]},{"@type":"WebPage","@id":"https:\/\/noria-research.com\/mxac\/fr\/cuba-lever-lembargo-ou-pas\/","url":"https:\/\/noria-research.com\/mxac\/fr\/cuba-lever-lembargo-ou-pas\/","name":"Cuba: Lever l'embargo... ou pas - Mexico &amp; Central America","isPartOf":{"@id":"https:\/\/noria-research.com\/mxac\/#website"},"primaryImageOfPage":{"@id":"https:\/\/noria-research.com\/mxac\/fr\/cuba-lever-lembargo-ou-pas\/#primaryimage"},"image":{"@id":"https:\/\/noria-research.com\/mxac\/fr\/cuba-lever-lembargo-ou-pas\/#primaryimage"},"thumbnailUrl":"https:\/\/noria-research.com\/mxac\/wp-content\/uploads\/2015\/04\/light-havana-usa-1-2.png","datePublished":"2015-04-06T21:55:44+00:00","dateModified":"2023-12-18T16:45:03+00:00","breadcrumb":{"@id":"https:\/\/noria-research.com\/mxac\/fr\/cuba-lever-lembargo-ou-pas\/#breadcrumb"},"inLanguage":"en-US","potentialAction":[{"@type":"ReadAction","target":["https:\/\/noria-research.com\/mxac\/fr\/cuba-lever-lembargo-ou-pas\/"]}]},{"@type":"ImageObject","inLanguage":"en-US","@id":"https:\/\/noria-research.com\/mxac\/fr\/cuba-lever-lembargo-ou-pas\/#primaryimage","url":"https:\/\/noria-research.com\/mxac\/wp-content\/uploads\/2015\/04\/light-havana-usa-1-2.png","contentUrl":"https:\/\/noria-research.com\/mxac\/wp-content\/uploads\/2015\/04\/light-havana-usa-1-2.png"},{"@type":"BreadcrumbList","@id":"https:\/\/noria-research.com\/mxac\/fr\/cuba-lever-lembargo-ou-pas\/#breadcrumb","itemListElement":[{"@type":"ListItem","position":1,"name":"Mexique et Am\u00e9rique Centrale","item":"https:\/\/noria-research.com\/mxac\/"},{"@type":"ListItem","position":2,"name":"Cuba: Lever l&#8217;embargo&#8230; ou pas"}]},{"@type":"WebSite","@id":"https:\/\/noria-research.com\/mxac\/#website","url":"https:\/\/noria-research.com\/mxac\/","name":"Mexico &amp; Central America","description":"","publisher":{"@id":"https:\/\/noria-research.com\/mxac\/#organization"},"potentialAction":[{"@type":"SearchAction","target":{"@type":"EntryPoint","urlTemplate":"https:\/\/noria-research.com\/mxac\/?s={search_term_string}"},"query-input":{"@type":"PropertyValueSpecification","valueRequired":true,"valueName":"search_term_string"}}],"inLanguage":"en-US"},{"@type":"Organization","@id":"https:\/\/noria-research.com\/mxac\/#organization","name":"Mexico &amp; Central America","url":"https:\/\/noria-research.com\/mxac\/","logo":{"@type":"ImageObject","inLanguage":"en-US","@id":"https:\/\/noria-research.com\/mxac\/#\/schema\/logo\/image\/","url":"https:\/\/noria-research.com\/mxac\/wp-content\/uploads\/2024\/12\/Logo-Noria-Mexico-bis-Blanc.svg","contentUrl":"https:\/\/noria-research.com\/mxac\/wp-content\/uploads\/2024\/12\/Logo-Noria-Mexico-bis-Blanc.svg","caption":"Mexico &amp; Central America"},"image":{"@id":"https:\/\/noria-research.com\/mxac\/#\/schema\/logo\/image\/"}},{"@type":"Person","@id":"https:\/\/noria-research.com\/mxac\/#\/schema\/person\/ee4e6312f6b77018d0260a874f5425ef","name":"Ren\u00e9e Fregosi","image":{"@type":"ImageObject","inLanguage":"en-US","@id":"https:\/\/noria-research.com\/mxac\/#\/schema\/person\/image\/","url":"https:\/\/noria-research.com\/mxac\/wp-content\/uploads\/2023\/12\/noria-user-2.svg","contentUrl":"https:\/\/noria-research.com\/mxac\/wp-content\/uploads\/2023\/12\/noria-user-2.svg","caption":"Ren\u00e9e Fregosi"},"description":"Ren\u00e9e Fregosi is a Philosopher and a Senior Research Fellow in Political Science at the Institut des Hautes Etudes de l\u2019Am\u00e9rique Latine (IHEAL), Sorbonne-Nouvelle University in Paris. She is the head of an NGO dealing with democratization, the Centre Europ\u00e9en pour la Coop\u00e9ration Internationale Echanges Culturels (CECIEC).","url":"https:\/\/noria-research.com\/mxac\/author\/renee-fregosi\/"}]}},"_links":{"self":[{"href":"https:\/\/noria-research.com\/mxac\/wp-json\/wp\/v2\/posts\/193","targetHints":{"allow":["GET"]}}],"collection":[{"href":"https:\/\/noria-research.com\/mxac\/wp-json\/wp\/v2\/posts"}],"about":[{"href":"https:\/\/noria-research.com\/mxac\/wp-json\/wp\/v2\/types\/post"}],"author":[{"embeddable":true,"href":"https:\/\/noria-research.com\/mxac\/wp-json\/wp\/v2\/users\/30"}],"replies":[{"embeddable":true,"href":"https:\/\/noria-research.com\/mxac\/wp-json\/wp\/v2\/comments?post=193"}],"version-history":[{"count":2,"href":"https:\/\/noria-research.com\/mxac\/wp-json\/wp\/v2\/posts\/193\/revisions"}],"predecessor-version":[{"id":393,"href":"https:\/\/noria-research.com\/mxac\/wp-json\/wp\/v2\/posts\/193\/revisions\/393"}],"wp:featuredmedia":[{"embeddable":true,"href":"https:\/\/noria-research.com\/mxac\/wp-json\/"}],"wp:attachment":[{"href":"https:\/\/noria-research.com\/mxac\/wp-json\/wp\/v2\/media?parent=193"}],"wp:term":[{"taxonomy":"category","embeddable":true,"href":"https:\/\/noria-research.com\/mxac\/wp-json\/wp\/v2\/categories?post=193"},{"taxonomy":"post_tag","embeddable":true,"href":"https:\/\/noria-research.com\/mxac\/wp-json\/wp\/v2\/tags?post=193"},{"taxonomy":"podcast","embeddable":true,"href":"https:\/\/noria-research.com\/mxac\/wp-json\/wp\/v2\/podcast?post=193"},{"taxonomy":"project","embeddable":true,"href":"https:\/\/noria-research.com\/mxac\/wp-json\/wp\/v2\/project?post=193"},{"taxonomy":"region","embeddable":true,"href":"https:\/\/noria-research.com\/mxac\/wp-json\/wp\/v2\/region?post=193"}],"curies":[{"name":"wp","href":"https:\/\/api.w.org\/{rel}","templated":true}]}}